{"id":9591,"date":"2018-07-29T14:04:19","date_gmt":"2018-07-29T12:04:19","guid":{"rendered":"http:\/\/www.mishmashfashionmagazine.com\/?p=9591"},"modified":"2018-07-29T14:06:04","modified_gmt":"2018-07-29T12:06:04","slug":"locarno-festival-2018","status":"publish","type":"post","link":"https:\/\/www.mishmashfashionmagazine.com\/?p=9591","title":{"rendered":"LOCARNO festival 2018"},"content":{"rendered":"<p>&nbsp;<\/p>\n<p style=\"text-align: center;\">29 LUGLIO 2018<\/p>\n<p>&nbsp;<\/p>\n<p><strong><code>\n\n<link rel='stylesheet' href='http:\/\/www.mishmashfashionmagazine.com\/wp-content\/uploads\/wow-slider-plugin\/560\/style.css' type='text\/css' media='all' \/>\n<!-- Name: WOWSlider  -->\n\n<!-- Start WOWSlider.com BODY section -->\n<div id=\"wowslider-container560\">\n<div class=\"ws_images\"><ul>\n<li><img decoding=\"async\" src=\"http:\/\/www.mishmashfashionmagazine.com\/wp-content\/uploads\/wow-slider-plugin\/560\/images\/blaze_1044837.jpg\" alt=\"BLAZE  -  ETHAN HAWKE\" title=\"BLAZE  -  ETHAN HAWKE\" id=\"wows560_0\"\/><\/li>\n<li><img decoding=\"async\" src=\"http:\/\/www.mishmashfashionmagazine.com\/wp-content\/uploads\/wow-slider-plugin\/560\/images\/gangbyun_hotel_1054302.jpg\" alt=\"GANGBYUN HOTEL  -  HONG SANG-SOO\" title=\"GANGBYUN HOTEL  -  HONG SANG-SOO\" id=\"wows560_1\"\/><\/li>\n<li><img decoding=\"async\" src=\"http:\/\/www.mishmashfashionmagazine.com\/wp-content\/uploads\/wow-slider-plugin\/560\/images\/blackklansman_1044825.jpg\" alt=\"BLACKKLANSMAN  -  SPIKE LEE\" title=\"BLACKKLANSMAN  -  SPIKE LEE\" id=\"wows560_2\"\/><\/li>\n<li><img decoding=\"async\" src=\"http:\/\/www.mishmashfashionmagazine.com\/wp-content\/uploads\/wow-slider-plugin\/560\/images\/i_feel_good_h1042839.jpg\" alt=\"I FEEL GOOD  -  BENOIT DELEPINE E GUSTAVE KERVEN \" title=\"I FEEL GOOD  -  BENOIT DELEPINE E GUSTAVE KERVEN \" id=\"wows560_3\"\/><\/li>\n<li><img decoding=\"async\" src=\"http:\/\/www.mishmashfashionmagazine.com\/wp-content\/uploads\/wow-slider-plugin\/560\/images\/diane_1030584.jpg\" alt=\"DIANE  -  KENT JONES \" title=\"DIANE  -  KENT JONES \" id=\"wows560_4\"\/><\/li>\n<li><img decoding=\"async\" src=\"http:\/\/www.mishmashfashionmagazine.com\/wp-content\/uploads\/wow-slider-plugin\/560\/images\/la_flor_1031908.jpg\" alt=\"LA FLOR  -  MARIANO LLINAS\" title=\"LA FLOR  -  MARIANO LLINAS\" id=\"wows560_5\"\/><\/li>\n<li><img decoding=\"async\" src=\"http:\/\/www.mishmashfashionmagazine.com\/wp-content\/uploads\/wow-slider-plugin\/560\/images\/l_ospite1041797.jpg\" alt=\"L OSPITE  -  DUCCIO CHIARINI\" title=\"L OSPITE  -  DUCCIO CHIARINI\" id=\"wows560_6\"\/><\/li>\n<li><img decoding=\"async\" src=\"http:\/\/www.mishmashfashionmagazine.com\/wp-content\/uploads\/wow-slider-plugin\/560\/images\/the_equalizer_1044864.jpg\" alt=\"THE EQUALIZER  -  ANTOINE FUQUA\" title=\"THE EQUALIZER  -  ANTOINE FUQUA\" id=\"wows560_7\"\/><\/li>\n<li><img decoding=\"async\" src=\"http:\/\/www.mishmashfashionmagazine.com\/wp-content\/uploads\/wow-slider-plugin\/560\/images\/seducao_de_carne_1030032.jpg\" alt=\"SEDUCAO DA CARNE  -  JULIAN BRESSANE\" title=\"SEDUCAO DA CARNE  -  JULIAN BRESSANE\" id=\"wows560_8\"\/><\/li>\n<li><img decoding=\"async\" src=\"http:\/\/www.mishmashfashionmagazine.com\/wp-content\/uploads\/wow-slider-plugin\/560\/images\/menocchio_1040036.jpg\" alt=\"MENOCCHIO  .  ALBERTO FASULO\" title=\"MENOCCHIO  .  ALBERTO FASULO\" id=\"wows560_9\"\/><\/li>\n<li><img decoding=\"async\" src=\"http:\/\/www.mishmashfashionmagazine.com\/wp-content\/uploads\/wow-slider-plugin\/560\/images\/pajaros_de_verano_1043043.jpg\" alt=\"PAJAROS DE VERANO  -  CIRO GUERRA E CRISTINA GALLEGO\" title=\"PAJAROS DE VERANO  -  CIRO GUERRA E CRISTINA GALLEGO\" id=\"wows560_10\"\/><\/li>\n<\/ul><\/div>\n<div class=\"ws_thumbs\">\n<div>\n<a href=\"#wows560_0\" title=\"BLAZE  -  ETHAN HAWKE\"><img decoding=\"async\" src=\"http:\/\/www.mishmashfashionmagazine.com\/wp-content\/uploads\/wow-slider-plugin\/560\/tooltips\/blaze_1044837.jpg\" alt=\"\" \/><\/a>\n<a href=\"#wows560_1\" title=\"GANGBYUN HOTEL  -  HONG SANG-SOO\"><img decoding=\"async\" src=\"http:\/\/www.mishmashfashionmagazine.com\/wp-content\/uploads\/wow-slider-plugin\/560\/tooltips\/gangbyun_hotel_1054302.jpg\" alt=\"\" \/><\/a>\n<a href=\"#wows560_2\" title=\"BLACKKLANSMAN  -  SPIKE LEE\"><img decoding=\"async\" src=\"http:\/\/www.mishmashfashionmagazine.com\/wp-content\/uploads\/wow-slider-plugin\/560\/tooltips\/blackklansman_1044825.jpg\" alt=\"\" \/><\/a>\n<a href=\"#wows560_3\" title=\"I FEEL GOOD  -  BENOIT DELEPINE E GUSTAVE KERVEN \"><img decoding=\"async\" src=\"http:\/\/www.mishmashfashionmagazine.com\/wp-content\/uploads\/wow-slider-plugin\/560\/tooltips\/i_feel_good_h1042839.jpg\" alt=\"\" \/><\/a>\n<a href=\"#wows560_4\" title=\"DIANE  -  KENT JONES \"><img decoding=\"async\" src=\"http:\/\/www.mishmashfashionmagazine.com\/wp-content\/uploads\/wow-slider-plugin\/560\/tooltips\/diane_1030584.jpg\" alt=\"\" \/><\/a>\n<a href=\"#wows560_5\" title=\"LA FLOR  -  MARIANO LLINAS\"><img decoding=\"async\" src=\"http:\/\/www.mishmashfashionmagazine.com\/wp-content\/uploads\/wow-slider-plugin\/560\/tooltips\/la_flor_1031908.jpg\" alt=\"\" \/><\/a>\n<a href=\"#wows560_6\" title=\"L OSPITE  -  DUCCIO CHIARINI\"><img decoding=\"async\" src=\"http:\/\/www.mishmashfashionmagazine.com\/wp-content\/uploads\/wow-slider-plugin\/560\/tooltips\/l_ospite1041797.jpg\" alt=\"\" \/><\/a>\n<a href=\"#wows560_7\" title=\"THE EQUALIZER  -  ANTOINE FUQUA\"><img decoding=\"async\" src=\"http:\/\/www.mishmashfashionmagazine.com\/wp-content\/uploads\/wow-slider-plugin\/560\/tooltips\/the_equalizer_1044864.jpg\" alt=\"\" \/><\/a>\n<a href=\"#wows560_8\" title=\"SEDUCAO DA CARNE  -  JULIAN BRESSANE\"><img decoding=\"async\" src=\"http:\/\/www.mishmashfashionmagazine.com\/wp-content\/uploads\/wow-slider-plugin\/560\/tooltips\/seducao_de_carne_1030032.jpg\" alt=\"\" \/><\/a>\n<a href=\"#wows560_9\" title=\"MENOCCHIO  .  ALBERTO FASULO\"><img decoding=\"async\" src=\"http:\/\/www.mishmashfashionmagazine.com\/wp-content\/uploads\/wow-slider-plugin\/560\/tooltips\/menocchio_1040036.jpg\" alt=\"\" \/><\/a>\n<a href=\"#wows560_10\" title=\"PAJAROS DE VERANO  -  CIRO GUERRA E CRISTINA GALLEGO\"><img decoding=\"async\" src=\"http:\/\/www.mishmashfashionmagazine.com\/wp-content\/uploads\/wow-slider-plugin\/560\/tooltips\/pajaros_de_verano_1043043.jpg\" alt=\"\" \/><\/a>\n<\/div>\n<\/div>\n<!-- Generated by WOWSlider.com v5.6 -->\n\t<a href=\"#\" class=\"ws_frame\"><\/a>\n\t<div class=\"ws_shadow\"><\/div>\n<\/div>\n<!-- End WOWSlider.com BODY section -->\n\n\n<script type='text\/javascript' src='http:\/\/www.mishmashfashionmagazine.com\/wp-content\/uploads\/wow-slider-plugin\/560\/script.js'><\/script>\n\n<\/code><\/strong><\/p>\n<p>&nbsp;<\/p>\n<p>L\u2019appuntamento al <strong><a href=\"https:\/\/www.locarnofestival.ch\/it\/pardo\/festival-del-film-locarno\/home.html\">Locarno Festival<\/a> <\/strong>\u00e8 dal 1 all\u201911 agosto. Una chicca, e chi ama il cinema lo sa. Qui si trovano film d\u2019autore, sperimentazione, titoli internazionali, dibattiti, retrospettive, eventi speciali, molta attenzione per i giovani registi e perfino una sezione dedicata ad un pubblico che va dall\u2019infanzia all\u2019adolescenza. Il tutto in un clima friendly e partecipativo, con sezioni ed eventi dislocati intorno alla Piazza Grande, luogo icona del Festival e suggestiva \u201csala di proiezione \u201c principale. Una vera festa del cinema, in un clima disteso, quasi vacanziero, ma non per questo meno prestigioso degli altri due grandi festival europei di Venezia e Cannes.<br \/>\n<strong>Il fil rouge<\/strong> che attraversa la 71esima edizione del Festival <strong>\u00e8 l\u2019umanesimo<\/strong>. Il direttore artistico <strong>Carlo Chatrian<\/strong>:<br \/>\n\u201cMettere al centro del programma l\u2019uomo pu\u00f2 apparire scontato; tuttavia mi pare che mai come in quest\u2019epoca le persone abbiano paura di guardare in faccia al prossimo. Si preferisce abbassare lo sguardo, farlo cadere su un piccolo monitor che non ci abbandona mai e che, come una coperta di Linus, ci copre il volto. Allora lo schermo del cinema, cos\u00ec grande da non poter essere evitato, acquista un nuovo ruolo. Il cinema, quella sala dove la dimensione collettiva \u00e8 imprescindibile, diventa il luogo in cui il volto del prossimo ci guarda. E ci pone domande che non sono pi\u00f9 eludibili. L\u2019idea di <strong>rivendicare l&#8217;importanza e la dignit\u00e0 dell&#8217;uomo<\/strong>, di affermare \u2013 come fanno le gocce che pitturano il manifesto di quest\u2019anno \u2013 che <strong>ogni uomo \u00e8 unico, prezioso e insostituibile,<\/strong> \u00e8 rilanciata da una celebrazione che Locarno ha deciso di accogliere: i <strong>settant\u2019anni della Dichiarazione Universale dei Diritti Umani<\/strong>, organizzata in collaborazione con le Nazioni Unite. Pensare che il Festival abbia la stessa et\u00e0 di questa \u201ccarta\u201d, cos\u00ec semplice ed essenziale, stimola e inorgoglisce.<br \/>\nIl <strong>Locarno Festival \u00e8 diventato<\/strong>, anno dopo anno, <strong>un momento importante in cui scoprire nuovi registi<\/strong>.<strong> Ci sono film che<\/strong> devono trovare il loro posto nel panorama cinematografico e una parte di quelli nel programma \u2013 perfino in Concorso \u2013<strong> non verranno distribuiti nelle sale<\/strong>. Film all\u2019avanguardia, che aprono nuove strade. E\u2019 un festival che si frequenta d\u2019estate, quando si \u00e8 in vacanza, anche per questo frequentato da un pubblico giovane, per cui oltre agli aficionados che vanno al festival da anni, c\u2019\u00e8 un forte ricambio generazionale, e cosa che fa piacere, non ci sono distinzioni di accreditati, i posti sono liberi, eccetto quelli della giuria. Negli ultimi anni \u00e8 stato potenziato e strutturato un <strong>programma formativo che \u00e8 Locarno Academy,<\/strong> un percorso diversificato per attivit\u00e0: per chi ha iniziato o sta iniziando a fare film (Filmaking Academy), per chi si occupa della scrittura cinematografica (Critics Academy), per chi inizia a lavorare nel mondo dell\u2019industria (Industry Academy).<br \/>\nLa grande retrospettiva di quest\u2019anno, dopo altri grandi maestri come Lubitsch, Minnelli e Cukor, \u00e8 dedicata al regista e sceneggiatore<strong> Leo McCarey<\/strong> vincitore di tre premi Oscar, che apre il programma della Piazza Grande. McCarey ha lasciato un\u2019impronta indelebile sia nel cinema comico sia nella grande stagione della commedia. Nei suoi film il bambino, l\u2019adulto, l\u2019anziano sono raccontati con delicatezza e precisione con la lieve grazia tipica del cinema classico.<br \/>\nPer il cinema americano, <strong>BlacKkKlansman<\/strong> <strong>di Spike Lee<\/strong> (gi\u00e0 visto a Cannes), il thriller <strong>The Equalizer<\/strong> di <strong>Antoine Fuqua<\/strong> con <strong>Denzel Washington<\/strong> e l\u2019imperdibile<strong> Blaze<\/strong> diretto da <strong>Ethan Hawke<\/strong>, <strong>che ricever\u00e0 anche l\u2019Excellence Award<\/strong> come riconoscimento alla carriera, ( proiettati anche alcuni dei film pi\u00f9 belli in cui ha lavorato, da \u00abL&#8217;attimo fuggente\u00bb a \u00abFirst Reformed\u00bb) <strong>a Meg Ryan<\/strong> <strong>il Leopard Club Award<\/strong> e all\u2019autore francese <strong>Bruno Dumont<\/strong> (al quale \u00e8 dedicata una piccola retrospettiva tra cui \u201cL&#8217;et\u00e0 inquieta\u201d e \u201cL&#8217;humanit\u00e9\u201d)<strong> il<\/strong> <strong>Pardo d\u2019onore<\/strong>.<br \/>\nDa vedere la commedia <strong>\u201cI Feel Good\u201d<\/strong> di <strong>Beno\u00eet Del\u00e9pine e Gustave Kervern<\/strong> con protagonista <strong>Jean Dujardin<\/strong>, il drammatico <strong>\u201cP\u00e1jaros de verano\u201d<\/strong> di <strong>Ciro Guerra e Cristina Gallego<\/strong> e l&#8217;italiano <strong>Duccio Chiarini <\/strong>con<strong> \u201cL&#8217;ospite\u201d<\/strong>.<br \/>\nNel Concorso Internazionale, interesse per il sudcoreano <strong>\u201cGangbyun Hotel\u201d di Hong Sang-Soo<\/strong>, l&#8217;americano <strong>\u201cDiane\u201d di Kent Jones<\/strong> e l&#8217;argentino \u201c<strong>La flor\u201d di Mariano Llin\u00e1s<\/strong>, film diviso a episodi della durata complessiva di 14 ore. Per l\u2019Italia \u00e8 in lizza <strong>Alberto Fasulo<\/strong> (vincitore della Festa del Cinema di Roma con \u00abTir\u00bb) <strong>con \u201cMenocchio\u201d<\/strong><br \/>\nNella sezione Signs of Life, la presenza del regista brasiliano di culto<strong> Julian Bressane con &#8220;Sedu\u00e7\u00e3o da carne&#8221;.<\/strong><br \/>\nEvento speciale la proiezione di una nuova versione di &#8220;<strong>Good Morning Babilonia&#8221;<\/strong>, film del 1987 dei <strong>fratelli Taviani<\/strong>, omaggio a Vittorio, da poco scomparso, mentre come omaggio al grande documentarista <strong>Claude Lanzmann<\/strong> verr\u00e0 riproposta la sua monumentale opera &#8220;<strong>Shoah&#8221;<\/strong> del 1985.<br \/>\nIl programma di quest\u2019anno mostra<strong> film<\/strong> che, invece di rappresentare i conflitti di questo nostro strapazzato mondo, si concentrano su storie private, <strong>come lettere d\u2019amore.<\/strong><\/p>\n<p>&nbsp;<\/p>\n<p><a href=\"https:\/\/www.instagram.com\/filmfestlocarno\/\">\u00b0LocarnoFestival<\/a><\/p>\n<p>&nbsp;<\/p>\n","protected":false},"excerpt":{"rendered":"<p>&nbsp; 29 LUGLIO 2018 &nbsp; &nbsp; L\u2019appuntamento al Locarno Festival \u00e8 dal 1 all\u201911 agosto. Una chicca, e chi ama il cinema lo sa. Qui si trovano film d\u2019autore, sperimentazione, titoli internazionali, dibattiti, retrospettive, eventi speciali, molta attenzione per i &hellip; <a href=\"https:\/\/www.mishmashfashionmagazine.com\/?p=9591\">Continua a leggere <span class=\"meta-nav\">&rarr;<\/span><\/a><\/p>\n","protected":false},"author":2,"featured_media":9592,"comment_status":"closed","ping_status":"closed","sticky":false,"template":"","format":"standard","meta":{"footnotes":""},"categories":[23,36],"tags":[],"class_list":["post-9591","post","type-post","status-publish","format-standard","has-post-thumbnail","hentry","category-around","category-movie"],"_links":{"self":[{"href":"https:\/\/www.mishmashfashionmagazine.com\/index.php?rest_route=\/wp\/v2\/posts\/9591","targetHints":{"allow":["GET"]}}],"collection":[{"href":"https:\/\/www.mishmashfashionmagazine.com\/index.php?rest_route=\/wp\/v2\/posts"}],"about":[{"href":"https:\/\/www.mishmashfashionmagazine.com\/index.php?rest_route=\/wp\/v2\/types\/post"}],"author":[{"embeddable":true,"href":"https:\/\/www.mishmashfashionmagazine.com\/index.php?rest_route=\/wp\/v2\/users\/2"}],"replies":[{"embeddable":true,"href":"https:\/\/www.mishmashfashionmagazine.com\/index.php?rest_route=%2Fwp%2Fv2%2Fcomments&post=9591"}],"version-history":[{"count":4,"href":"https:\/\/www.mishmashfashionmagazine.com\/index.php?rest_route=\/wp\/v2\/posts\/9591\/revisions"}],"predecessor-version":[{"id":9595,"href":"https:\/\/www.mishmashfashionmagazine.com\/index.php?rest_route=\/wp\/v2\/posts\/9591\/revisions\/9595"}],"wp:featuredmedia":[{"embeddable":true,"href":"https:\/\/www.mishmashfashionmagazine.com\/index.php?rest_route=\/wp\/v2\/media\/9592"}],"wp:attachment":[{"href":"https:\/\/www.mishmashfashionmagazine.com\/index.php?rest_route=%2Fwp%2Fv2%2Fmedia&parent=9591"}],"wp:term":[{"taxonomy":"category","embeddable":true,"href":"https:\/\/www.mishmashfashionmagazine.com\/index.php?rest_route=%2Fwp%2Fv2%2Fcategories&post=9591"},{"taxonomy":"post_tag","embeddable":true,"href":"https:\/\/www.mishmashfashionmagazine.com\/index.php?rest_route=%2Fwp%2Fv2%2Ftags&post=9591"}],"curies":[{"name":"wp","href":"https:\/\/api.w.org\/{rel}","templated":true}]}}