{"id":8047,"date":"2017-11-11T09:26:18","date_gmt":"2017-11-11T08:26:18","guid":{"rendered":"http:\/\/www.mishmashfashionmagazine.com\/?p=8047"},"modified":"2017-11-11T14:42:20","modified_gmt":"2017-11-11T13:42:20","slug":"il-coniglio-nero-di-pirelli-the-cal","status":"publish","type":"post","link":"https:\/\/www.mishmashfashionmagazine.com\/?p=8047","title":{"rendered":"PIRELLI the cal: l&#8217;ultima alice"},"content":{"rendered":"<p>&nbsp;<\/p>\n<p style=\"text-align: center;\"><strong>11 NOVEMBRE\u00a0 2017<\/strong><\/p>\n<p>&nbsp;<\/p>\n<p><strong><code>\n\n<link rel='stylesheet' href='http:\/\/www.mishmashfashionmagazine.com\/wp-content\/uploads\/wow-slider-plugin\/449\/style.css' type='text\/css' media='all' \/>\n<!-- Name: WOWSlider  -->\n\n<!-- Start WOWSlider.com BODY section -->\n<div id=\"wowslider-container449\">\n<div class=\"ws_images\"><ul>\n<li><img decoding=\"async\" src=\"http:\/\/www.mishmashfashionmagazine.com\/wp-content\/uploads\/wow-slider-plugin\/449\/images\/the_cal_4.jpg\" alt=\"\" title=\"\" id=\"wows449_0\"\/><\/li>\n<li><img decoding=\"async\" src=\"http:\/\/www.mishmashfashionmagazine.com\/wp-content\/uploads\/wow-slider-plugin\/449\/images\/the_cal_5.jpg\" alt=\"\" title=\"\" id=\"wows449_1\"\/><\/li>\n<li><img decoding=\"async\" src=\"http:\/\/www.mishmashfashionmagazine.com\/wp-content\/uploads\/wow-slider-plugin\/449\/images\/the_cal_9.jpg\" alt=\"\" title=\"\" id=\"wows449_2\"\/><\/li>\n<li><img decoding=\"async\" src=\"http:\/\/www.mishmashfashionmagazine.com\/wp-content\/uploads\/wow-slider-plugin\/449\/images\/the_cal_14.jpg\" alt=\"\" title=\"\" id=\"wows449_3\"\/><\/li>\n<li><img decoding=\"async\" src=\"http:\/\/www.mishmashfashionmagazine.com\/wp-content\/uploads\/wow-slider-plugin\/449\/images\/the_cal_15.jpg\" alt=\"\" title=\"\" id=\"wows449_4\"\/><\/li>\n<li><img decoding=\"async\" src=\"http:\/\/www.mishmashfashionmagazine.com\/wp-content\/uploads\/wow-slider-plugin\/449\/images\/pirelli.jpg\" alt=\"\" title=\"\" id=\"wows449_5\"\/><\/li>\n<\/ul><\/div>\n<div class=\"ws_thumbs\">\n<div>\n<a href=\"#wows449_0\" title=\"\"><img decoding=\"async\" src=\"http:\/\/www.mishmashfashionmagazine.com\/wp-content\/uploads\/wow-slider-plugin\/449\/tooltips\/the_cal_4.jpg\" alt=\"\" \/><\/a>\n<a href=\"#wows449_1\" title=\"\"><img decoding=\"async\" src=\"http:\/\/www.mishmashfashionmagazine.com\/wp-content\/uploads\/wow-slider-plugin\/449\/tooltips\/the_cal_5.jpg\" alt=\"\" \/><\/a>\n<a href=\"#wows449_2\" title=\"\"><img decoding=\"async\" src=\"http:\/\/www.mishmashfashionmagazine.com\/wp-content\/uploads\/wow-slider-plugin\/449\/tooltips\/the_cal_9.jpg\" alt=\"\" \/><\/a>\n<a href=\"#wows449_3\" title=\"\"><img decoding=\"async\" src=\"http:\/\/www.mishmashfashionmagazine.com\/wp-content\/uploads\/wow-slider-plugin\/449\/tooltips\/the_cal_14.jpg\" alt=\"\" \/><\/a>\n<a href=\"#wows449_4\" title=\"\"><img decoding=\"async\" src=\"http:\/\/www.mishmashfashionmagazine.com\/wp-content\/uploads\/wow-slider-plugin\/449\/tooltips\/the_cal_15.jpg\" alt=\"\" \/><\/a>\n<a href=\"#wows449_5\" title=\"\"><img decoding=\"async\" src=\"http:\/\/www.mishmashfashionmagazine.com\/wp-content\/uploads\/wow-slider-plugin\/449\/tooltips\/pirelli.jpg\" alt=\"\" \/><\/a>\n<\/div>\n<\/div>\n<!-- Generated by WOWSlider.com v5.6 -->\n\t<a href=\"#\" class=\"ws_frame\"><\/a>\n\t<div class=\"ws_shadow\"><\/div>\n<\/div>\n<!-- End WOWSlider.com BODY section -->\n\n\n<script type='text\/javascript' src='http:\/\/www.mishmashfashionmagazine.com\/wp-content\/uploads\/wow-slider-plugin\/449\/script.js'><\/script>\n\n<\/code><\/strong><\/p>\n<p>&nbsp;<\/p>\n<p><strong>Presentato il 10 novembre a N.Y\u00a0 The Cal, l\u2019iconico calendario Pirelli, fotografato da Tim Walker che ha<\/strong> <strong>reinterpretato per l\u2019edizione 2018,\u201c\u00a0 Alice nel Paese delle Meraviglie \u201c. Famoso per le sue foto oniriche, Walker riporta il colore in The Cal &#8211; dopo le ultime due edizioni in bianco e nero firmate da Peter Lindbergh e Annie Leibovitz &#8211;\u00a0 in un contesto a lui congeniale, tra le torte ( vere ), le\u00a0 tazze di porcellana, i velluti e le sete\u00a0 del fastoso set ideato dalla direttrice creativa Shona Heat, la geniale scenografa con la quale collabora da anni, ideatrice di molte delle sue campagne e dei suoi editoriali di moda. Ma quello che contraddistingue l\u2019ennesima rappresentazione della celebre favola di Lewis Carroll, 28 scatti in venti differenti e straordinari set,\u00a0 \u00e8 il cast, per il quale Walker ha voluto persone solo e strettamente di colore: l\u2019attrice Whoopi Goldberg (La Duchessa) la modella Adut Akech (Regina di Diamanti), la modella e attivista Adwoa Aboah (Pancopinco, noto anche con il nome inglese di Tweedledee) l\u2019attore Djimon Hounsou (Re di Cuori), l\u2019attrice Lupita Nyong\u2019o (Il Ghiro), la drag queen RuPaul (Regina di Cuori) la modella Slick Woods (Il Cappellaio Matto) e Naomi Campbell \u2013 al suo quarto calendario Pirelli &#8211; nella veste di una delle carte da gioco che taglia le teste per ordine della Regina insieme al rapper Sean \u00abDiddy\u00bb Combs, meglio noto come Puff Daddy, mentre il ruolo della protagonista, Alice, \u00e8 stato affidato a\u00a0 Duckie Thot, una delle top model pi\u00f9 richieste del momento. La scelta ovviamente non \u00e8 casuale, e il messaggio di inclusione e di societ\u00e0 aperta alle differenze, facilmente intuibile. Il Bianconiglio? Che domande, nero.<\/strong><\/p>\n<p>&nbsp;<\/p>\n","protected":false},"excerpt":{"rendered":"<p>&nbsp; 11 NOVEMBRE\u00a0 2017 &nbsp; &nbsp; Presentato il 10 novembre a N.Y\u00a0 The Cal, l\u2019iconico calendario Pirelli, fotografato da Tim Walker che ha reinterpretato per l\u2019edizione 2018,\u201c\u00a0 Alice nel Paese delle Meraviglie \u201c. Famoso per le sue foto oniriche, Walker &hellip; <a href=\"https:\/\/www.mishmashfashionmagazine.com\/?p=8047\">Continua a leggere <span class=\"meta-nav\">&rarr;<\/span><\/a><\/p>\n","protected":false},"author":2,"featured_media":8052,"comment_status":"closed","ping_status":"closed","sticky":false,"template":"","format":"standard","meta":{"footnotes":""},"categories":[18,1],"tags":[352,349,351,350],"class_list":["post-8047","post","type-post","status-publish","format-standard","has-post-thumbnail","hentry","category-fashion-2","category-who","tag-naomi-campbell-pirelli-the-cal-2018","tag-pirelli-the-cal-2018","tag-puff-daddy-pirelli-the-cal-2018","tag-tim-walker-the-cal-2018"],"_links":{"self":[{"href":"https:\/\/www.mishmashfashionmagazine.com\/index.php?rest_route=\/wp\/v2\/posts\/8047","targetHints":{"allow":["GET"]}}],"collection":[{"href":"https:\/\/www.mishmashfashionmagazine.com\/index.php?rest_route=\/wp\/v2\/posts"}],"about":[{"href":"https:\/\/www.mishmashfashionmagazine.com\/index.php?rest_route=\/wp\/v2\/types\/post"}],"author":[{"embeddable":true,"href":"https:\/\/www.mishmashfashionmagazine.com\/index.php?rest_route=\/wp\/v2\/users\/2"}],"replies":[{"embeddable":true,"href":"https:\/\/www.mishmashfashionmagazine.com\/index.php?rest_route=%2Fwp%2Fv2%2Fcomments&post=8047"}],"version-history":[{"count":9,"href":"https:\/\/www.mishmashfashionmagazine.com\/index.php?rest_route=\/wp\/v2\/posts\/8047\/revisions"}],"predecessor-version":[{"id":8062,"href":"https:\/\/www.mishmashfashionmagazine.com\/index.php?rest_route=\/wp\/v2\/posts\/8047\/revisions\/8062"}],"wp:featuredmedia":[{"embeddable":true,"href":"https:\/\/www.mishmashfashionmagazine.com\/index.php?rest_route=\/wp\/v2\/media\/8052"}],"wp:attachment":[{"href":"https:\/\/www.mishmashfashionmagazine.com\/index.php?rest_route=%2Fwp%2Fv2%2Fmedia&parent=8047"}],"wp:term":[{"taxonomy":"category","embeddable":true,"href":"https:\/\/www.mishmashfashionmagazine.com\/index.php?rest_route=%2Fwp%2Fv2%2Fcategories&post=8047"},{"taxonomy":"post_tag","embeddable":true,"href":"https:\/\/www.mishmashfashionmagazine.com\/index.php?rest_route=%2Fwp%2Fv2%2Ftags&post=8047"}],"curies":[{"name":"wp","href":"https:\/\/api.w.org\/{rel}","templated":true}]}}