{"id":5884,"date":"2016-03-07T13:47:40","date_gmt":"2016-03-07T12:47:40","guid":{"rendered":"http:\/\/www.mishmashfashionmagazine.com\/?p=5884"},"modified":"2016-03-07T17:59:43","modified_gmt":"2016-03-07T16:59:43","slug":"mfff-open-submission","status":"publish","type":"post","link":"https:\/\/www.mishmashfashionmagazine.com\/?p=5884","title":{"rendered":"MFFF SUBMISSIONS"},"content":{"rendered":"<p>&nbsp;<\/p>\n<p>&nbsp;<\/p>\n<p><strong>\u00a0\u00a0\u00a0\u00a0\u00a0\u00a0\u00a0\u00a0\u00a0\u00a0\u00a0\u00a0\u00a0\u00a0\u00a0\u00a0\u00a0\u00a0\u00a0\u00a0\u00a0\u00a0\u00a0\u00a0\u00a0\u00a0\u00a0\u00a0\u00a0\u00a0\u00a0\u00a0\u00a0\u00a0\u00a0\u00a0\u00a0\u00a0\u00a0\u00a0\u00a0\u00a0\u00a0\u00a0\u00a0\u00a0\u00a0\u00a0\u00a0\u00a0\u00a0\u00a0\u00a0\u00a0\u00a0\u00a0\u00a0\u00a0\u00a0\u00a0\u00a0\u00a0\u00a0\u00a0\u00a0\u00a0\u00a0\u00a0\u00a0\u00a0\u00a0\u00a0\u00a0\u00a0\u00a0\u00a0\u00a0\u00a0\u00a0\u00a0\u00a0\u00a0\u00a0\u00a0\u00a0\u00a0\u00a0\u00a0\u00a0\u00a0\u00a0\u00a0\u00a0\u00a0\u00a0\u00a0\u00a0\u00a0\u00a0\u00a0\u00a0\u00a0\u00a0\u00a0\u00a0\u00a0\u00a0\u00a0\u00a0\u00a0\u00a0\u00a0\u00a0\u00a0\u00a0\u00a0\u00a0\u00a0\u00a0\u00a0 4 MARZO 2016<\/strong><\/p>\n<p>&nbsp;<\/p>\n<p>&nbsp;<\/p>\n<p><a href=\"http:\/\/www.mishmashfashionmagazine.com\/wp-content\/uploads\/2016\/03\/MILANO-FFF.jpg\"><img loading=\"lazy\" decoding=\"async\" class=\"alignnone size-full wp-image-5889\" alt=\"MILANO FFF\" src=\"http:\/\/www.mishmashfashionmagazine.com\/wp-content\/uploads\/2016\/03\/MILANO-FFF.jpg\" width=\"800\" height=\"438\" srcset=\"https:\/\/www.mishmashfashionmagazine.com\/wp-content\/uploads\/2016\/03\/MILANO-FFF.jpg 800w, https:\/\/www.mishmashfashionmagazine.com\/wp-content\/uploads\/2016\/03\/MILANO-FFF-200x109.jpg 200w, https:\/\/www.mishmashfashionmagazine.com\/wp-content\/uploads\/2016\/03\/MILANO-FFF-250x136.jpg 250w, https:\/\/www.mishmashfashionmagazine.com\/wp-content\/uploads\/2016\/03\/MILANO-FFF-500x273.jpg 500w\" sizes=\"auto, (max-width: 800px) 100vw, 800px\" \/><\/a><\/p>\n<p>&nbsp;<\/p>\n<p><strong>FUTURI TALENTI DEL FASHION MOVIE, AFFRETTATEVI, SONO APERTE LE ISCRIZIONI ALLA TERZA EDIZIONE DEL FASHION FILM FESTIVAL MILANO, fondato e diretto da Constanza Cavalli Etro, rivolte ai registi, stilisti, marchi, case di produzione e creativi di tutto il mondo.<strong>Sono molti i grandi nomi affermati fra brand e registi che hano partecipato alle precedenti edizioni del festival, tra gli altri, durante la scorsa edizione:\u00a0 Proenza Schouler, Valentino, Herm\u00e8s, Chlo\u00e9, Giorgio Armani, Kenzo, Cartier, Gucci, Michael Pitt, Miranda July, Lena Dunham, Gregg Araki, Olivier Zaham, Justin Anderson, Bruce Weber, Bruno Aveillan, Harley Weir. <\/strong>La rassegna, ha luogo in settembre, durante la settimana della moda milanese e si \u00e8 gi\u00e0 affermata come una delle pi\u00f9 importanti manifestazioni per la scoperta di nuovi talentuosi registi e professionisti del settore. Il responso finale \u00e8 affidato ad una\u00a0 prestigiosa giuria composta da Franca Sozzani, direttore di Vogue Italia, e artisti, fotografi, visual artist, registi e producer di fama internazionale per premiare film, regia, styling e tutte le fgure professionali conivolte nei progetti.\u00a0<\/strong><\/p>\n<p><strong>Le iscrizioni per partecipare all\u2019edizione 2016 del Fashion Film Festival Milano sono aperte gratuitamente sul sito <a href=\"http:\/\/www.fffmilano.com\" target=\"_blank\">www.fffmilano.com<\/a> fino al 3 giugno 2016.<br \/>\n<\/strong><\/p>\n<p><strong>\u00a0<\/strong><\/p>\n<p>&nbsp;<\/p>\n<p>&nbsp;<\/p>\n","protected":false},"excerpt":{"rendered":"<p>&nbsp; &nbsp; \u00a0\u00a0\u00a0\u00a0\u00a0\u00a0\u00a0\u00a0\u00a0\u00a0\u00a0\u00a0\u00a0\u00a0\u00a0\u00a0\u00a0\u00a0\u00a0\u00a0\u00a0\u00a0\u00a0\u00a0\u00a0\u00a0\u00a0\u00a0\u00a0\u00a0\u00a0\u00a0\u00a0\u00a0\u00a0\u00a0\u00a0\u00a0\u00a0\u00a0\u00a0\u00a0\u00a0\u00a0\u00a0\u00a0\u00a0\u00a0\u00a0\u00a0\u00a0\u00a0\u00a0\u00a0\u00a0\u00a0\u00a0\u00a0\u00a0\u00a0\u00a0\u00a0\u00a0\u00a0\u00a0\u00a0\u00a0\u00a0\u00a0\u00a0\u00a0\u00a0\u00a0\u00a0\u00a0\u00a0\u00a0\u00a0\u00a0\u00a0\u00a0\u00a0\u00a0\u00a0\u00a0\u00a0\u00a0\u00a0\u00a0\u00a0\u00a0\u00a0\u00a0\u00a0\u00a0\u00a0\u00a0\u00a0\u00a0\u00a0\u00a0\u00a0\u00a0\u00a0\u00a0\u00a0\u00a0\u00a0\u00a0\u00a0\u00a0\u00a0\u00a0\u00a0\u00a0\u00a0\u00a0\u00a0\u00a0\u00a0 4 MARZO 2016 &nbsp; &nbsp; &nbsp; FUTURI TALENTI DEL FASHION MOVIE, AFFRETTATEVI, SONO APERTE LE ISCRIZIONI ALLA TERZA EDIZIONE DEL FASHION FILM FESTIVAL MILANO, fondato e diretto da Constanza Cavalli Etro, rivolte ai registi, stilisti, marchi, case &hellip; <a href=\"https:\/\/www.mishmashfashionmagazine.com\/?p=5884\">Continua a leggere <span class=\"meta-nav\">&rarr;<\/span><\/a><\/p>\n","protected":false},"author":2,"featured_media":5885,"comment_status":"closed","ping_status":"closed","sticky":false,"template":"","format":"standard","meta":{"footnotes":""},"categories":[18,7],"tags":[202],"class_list":["post-5884","post","type-post","status-publish","format-standard","has-post-thumbnail","hentry","category-fashion-2","category-video","tag-milano-fashion-film-festival-constanza-etro-cavalli"],"_links":{"self":[{"href":"https:\/\/www.mishmashfashionmagazine.com\/index.php?rest_route=\/wp\/v2\/posts\/5884","targetHints":{"allow":["GET"]}}],"collection":[{"href":"https:\/\/www.mishmashfashionmagazine.com\/index.php?rest_route=\/wp\/v2\/posts"}],"about":[{"href":"https:\/\/www.mishmashfashionmagazine.com\/index.php?rest_route=\/wp\/v2\/types\/post"}],"author":[{"embeddable":true,"href":"https:\/\/www.mishmashfashionmagazine.com\/index.php?rest_route=\/wp\/v2\/users\/2"}],"replies":[{"embeddable":true,"href":"https:\/\/www.mishmashfashionmagazine.com\/index.php?rest_route=%2Fwp%2Fv2%2Fcomments&post=5884"}],"version-history":[{"count":7,"href":"https:\/\/www.mishmashfashionmagazine.com\/index.php?rest_route=\/wp\/v2\/posts\/5884\/revisions"}],"predecessor-version":[{"id":5894,"href":"https:\/\/www.mishmashfashionmagazine.com\/index.php?rest_route=\/wp\/v2\/posts\/5884\/revisions\/5894"}],"wp:featuredmedia":[{"embeddable":true,"href":"https:\/\/www.mishmashfashionmagazine.com\/index.php?rest_route=\/wp\/v2\/media\/5885"}],"wp:attachment":[{"href":"https:\/\/www.mishmashfashionmagazine.com\/index.php?rest_route=%2Fwp%2Fv2%2Fmedia&parent=5884"}],"wp:term":[{"taxonomy":"category","embeddable":true,"href":"https:\/\/www.mishmashfashionmagazine.com\/index.php?rest_route=%2Fwp%2Fv2%2Fcategories&post=5884"},{"taxonomy":"post_tag","embeddable":true,"href":"https:\/\/www.mishmashfashionmagazine.com\/index.php?rest_route=%2Fwp%2Fv2%2Ftags&post=5884"}],"curies":[{"name":"wp","href":"https:\/\/api.w.org\/{rel}","templated":true}]}}