{"id":4929,"date":"2015-07-23T19:18:31","date_gmt":"2015-07-23T17:18:31","guid":{"rendered":"http:\/\/www.mishmashfashionmagazine.com\/?p=4929"},"modified":"2016-07-19T17:25:29","modified_gmt":"2016-07-19T15:25:29","slug":"4929","status":"publish","type":"post","link":"https:\/\/www.mishmashfashionmagazine.com\/?p=4929","title":{"rendered":"PRADA JOURNAL &#038; FELTRINELLI"},"content":{"rendered":"<p>&nbsp;<\/p>\n<p>&nbsp;<\/p>\n<p><strong>\u00a0\u00a0\u00a0\u00a0\u00a0\u00a0\u00a0\u00a0\u00a0\u00a0\u00a0\u00a0\u00a0\u00a0\u00a0\u00a0\u00a0\u00a0\u00a0\u00a0\u00a0\u00a0\u00a0\u00a0\u00a0\u00a0\u00a0\u00a0\u00a0\u00a0\u00a0\u00a0\u00a0\u00a0\u00a0\u00a0\u00a0\u00a0\u00a0\u00a0\u00a0\u00a0\u00a0\u00a0\u00a0\u00a0\u00a0\u00a0\u00a0\u00a0\u00a0\u00a0\u00a0\u00a0\u00a0\u00a0\u00a0\u00a0\u00a0\u00a0\u00a0\u00a0\u00a0\u00a0\u00a0\u00a0\u00a0\u00a0\u00a0\u00a0\u00a0\u00a0\u00a0\u00a0\u00a0\u00a0\u00a0\u00a0\u00a0\u00a0\u00a0\u00a0\u00a0\u00a0\u00a0\u00a0\u00a0\u00a0\u00a0\u00a0\u00a0\u00a0\u00a0\u00a0\u00a0\u00a0\u00a0\u00a0\u00a0\u00a0\u00a0\u00a0\u00a0\u00a0\u00a0\u00a0\u00a0\u00a0\u00a0\u00a0\u00a0\u00a0\u00a0\u00a0\u00a0\u00a0\u00a0\u00a0\u00a0\u00a0\u00a0\u00a0\u00a0 23\u00a0 LUGLIO\u00a0 2015<\/strong><\/p>\n<p>&nbsp;<\/p>\n<p>&nbsp;<\/p>\n<p><a href=\"http:\/\/www.mishmashfashionmagazine.com\/wp-content\/uploads\/2015\/07\/a-place-for-new-stories.jpg\"><img loading=\"lazy\" decoding=\"async\" class=\"alignnone size-full wp-image-4936\" src=\"http:\/\/www.mishmashfashionmagazine.com\/wp-content\/uploads\/2015\/07\/a-place-for-new-stories.jpg\" alt=\"a place for new stories\" width=\"996\" height=\"334\" srcset=\"https:\/\/www.mishmashfashionmagazine.com\/wp-content\/uploads\/2015\/07\/a-place-for-new-stories.jpg 996w, https:\/\/www.mishmashfashionmagazine.com\/wp-content\/uploads\/2015\/07\/a-place-for-new-stories-200x67.jpg 200w, https:\/\/www.mishmashfashionmagazine.com\/wp-content\/uploads\/2015\/07\/a-place-for-new-stories-250x83.jpg 250w, https:\/\/www.mishmashfashionmagazine.com\/wp-content\/uploads\/2015\/07\/a-place-for-new-stories-500x167.jpg 500w\" sizes=\"auto, (max-width: 996px) 100vw, 996px\" \/><\/a><\/p>\n<p>&nbsp;<\/p>\n<p><strong>Si apre oggi, 23 luglio e terminer\u00e0 il 31 agosto la terza edizione di <em>PRADA JOURNAL<\/em>, il concorso letterario internazionale rivolto a scrittori emergenti promosso da <em>PRADA<\/em><em> e GIANGIACOMO FELTRINELLI EDITORE. <\/em>L\u2019obiettivo \u00e8\u00a0 quello di creare una piattaforma indipendente di ricerca editoriale aperta a scrittori di tutto il mondo, Nuovi talenti capaci \u00a0di cogliere le sfumature e le molteplicit\u00e0 della realt\u00e0, rielaborandole attraverso i codici della parola scritta. Per i vincitori ci sar\u00e0 un premio in denaro, i loro racconti verranno pubblicati in eBook all\u2019interno dell\u2019antologia digitale Prada Journal e singolarmente nella collana Zoom di Feltrinelli. I racconti vincitori diventeranno anche protagonisti all\u2019interno di un moderno \u2018Teatro di conversazione e scambio\u2019, grazie a un successivo lavoro di trasposizione teatrale. La scelta dei vincitori sar\u00e0 affidata a una giuria composta da esponenti dell\u2019editoria internazionale. Il tema di quest\u2019anno, su cui gli aspiranti scrittori sono invitati a esprimere la loro creativit\u00e0, \u00e8: \u201cLuci, ombre e miraggi. Non sempre cose e persone sono come le vediamo.\u201d<\/strong><\/p>\n<p><strong>Per iscriversi :<\/strong><a href=\"http:\/\/www.prada.com\/journal\"><strong> prada.com\/journal<\/strong> <\/a><\/p>\n<p>&nbsp;<\/p>\n","protected":false},"excerpt":{"rendered":"<p>&nbsp; &nbsp; \u00a0\u00a0\u00a0\u00a0\u00a0\u00a0\u00a0\u00a0\u00a0\u00a0\u00a0\u00a0\u00a0\u00a0\u00a0\u00a0\u00a0\u00a0\u00a0\u00a0\u00a0\u00a0\u00a0\u00a0\u00a0\u00a0\u00a0\u00a0\u00a0\u00a0\u00a0\u00a0\u00a0\u00a0\u00a0\u00a0\u00a0\u00a0\u00a0\u00a0\u00a0\u00a0\u00a0\u00a0\u00a0\u00a0\u00a0\u00a0\u00a0\u00a0\u00a0\u00a0\u00a0\u00a0\u00a0\u00a0\u00a0\u00a0\u00a0\u00a0\u00a0\u00a0\u00a0\u00a0\u00a0\u00a0\u00a0\u00a0\u00a0\u00a0\u00a0\u00a0\u00a0\u00a0\u00a0\u00a0\u00a0\u00a0\u00a0\u00a0\u00a0\u00a0\u00a0\u00a0\u00a0\u00a0\u00a0\u00a0\u00a0\u00a0\u00a0\u00a0\u00a0\u00a0\u00a0\u00a0\u00a0\u00a0\u00a0\u00a0\u00a0\u00a0\u00a0\u00a0\u00a0\u00a0\u00a0\u00a0\u00a0\u00a0\u00a0\u00a0\u00a0\u00a0\u00a0\u00a0\u00a0\u00a0\u00a0\u00a0\u00a0\u00a0\u00a0 23\u00a0 LUGLIO\u00a0 2015 &nbsp; &nbsp; &nbsp; Si apre oggi, 23 luglio e terminer\u00e0 il 31 agosto la terza edizione di PRADA JOURNAL, il concorso letterario internazionale rivolto a scrittori emergenti promosso da PRADA e GIANGIACOMO FELTRINELLI EDITORE. &hellip; <a href=\"https:\/\/www.mishmashfashionmagazine.com\/?p=4929\">Continua a leggere <span class=\"meta-nav\">&rarr;<\/span><\/a><\/p>\n","protected":false},"author":2,"featured_media":4930,"comment_status":"closed","ping_status":"closed","sticky":false,"template":"","format":"standard","meta":{"footnotes":""},"categories":[18,1],"tags":[207],"class_list":["post-4929","post","type-post","status-publish","format-standard","has-post-thumbnail","hentry","category-fashion-2","category-who","tag-prada-journal"],"_links":{"self":[{"href":"https:\/\/www.mishmashfashionmagazine.com\/index.php?rest_route=\/wp\/v2\/posts\/4929","targetHints":{"allow":["GET"]}}],"collection":[{"href":"https:\/\/www.mishmashfashionmagazine.com\/index.php?rest_route=\/wp\/v2\/posts"}],"about":[{"href":"https:\/\/www.mishmashfashionmagazine.com\/index.php?rest_route=\/wp\/v2\/types\/post"}],"author":[{"embeddable":true,"href":"https:\/\/www.mishmashfashionmagazine.com\/index.php?rest_route=\/wp\/v2\/users\/2"}],"replies":[{"embeddable":true,"href":"https:\/\/www.mishmashfashionmagazine.com\/index.php?rest_route=%2Fwp%2Fv2%2Fcomments&post=4929"}],"version-history":[{"count":10,"href":"https:\/\/www.mishmashfashionmagazine.com\/index.php?rest_route=\/wp\/v2\/posts\/4929\/revisions"}],"predecessor-version":[{"id":5981,"href":"https:\/\/www.mishmashfashionmagazine.com\/index.php?rest_route=\/wp\/v2\/posts\/4929\/revisions\/5981"}],"wp:featuredmedia":[{"embeddable":true,"href":"https:\/\/www.mishmashfashionmagazine.com\/index.php?rest_route=\/wp\/v2\/media\/4930"}],"wp:attachment":[{"href":"https:\/\/www.mishmashfashionmagazine.com\/index.php?rest_route=%2Fwp%2Fv2%2Fmedia&parent=4929"}],"wp:term":[{"taxonomy":"category","embeddable":true,"href":"https:\/\/www.mishmashfashionmagazine.com\/index.php?rest_route=%2Fwp%2Fv2%2Fcategories&post=4929"},{"taxonomy":"post_tag","embeddable":true,"href":"https:\/\/www.mishmashfashionmagazine.com\/index.php?rest_route=%2Fwp%2Fv2%2Ftags&post=4929"}],"curies":[{"name":"wp","href":"https:\/\/api.w.org\/{rel}","templated":true}]}}