{"id":4897,"date":"2015-07-04T16:48:44","date_gmt":"2015-07-04T14:48:44","guid":{"rendered":"http:\/\/www.mishmashfashionmagazine.com\/?p=4897"},"modified":"2015-07-17T18:42:48","modified_gmt":"2015-07-17T16:42:48","slug":"talenti-in-vista","status":"publish","type":"post","link":"https:\/\/www.mishmashfashionmagazine.com\/?p=4897","title":{"rendered":"TALENTI IN VISTA"},"content":{"rendered":"<p>&nbsp;<\/p>\n<p><strong>\u00a0\u00a0\u00a0\u00a0\u00a0\u00a0\u00a0\u00a0\u00a0\u00a0\u00a0\u00a0\u00a0\u00a0\u00a0\u00a0\u00a0\u00a0\u00a0\u00a0\u00a0\u00a0\u00a0\u00a0\u00a0\u00a0\u00a0\u00a0\u00a0\u00a0\u00a0\u00a0\u00a0\u00a0\u00a0\u00a0\u00a0\u00a0\u00a0\u00a0\u00a0\u00a0\u00a0\u00a0\u00a0\u00a0\u00a0\u00a0\u00a0\u00a0\u00a0\u00a0\u00a0\u00a0\u00a0\u00a0\u00a0\u00a0\u00a0\u00a0\u00a0\u00a0\u00a0\u00a0\u00a0\u00a0\u00a0\u00a0\u00a0\u00a0\u00a0\u00a0\u00a0\u00a0\u00a0\u00a0\u00a0\u00a0\u00a0\u00a0\u00a0\u00a0\u00a0\u00a0\u00a0\u00a0\u00a0\u00a0\u00a0\u00a0\u00a0\u00a0\u00a0\u00a0\u00a0\u00a0\u00a0\u00a0\u00a0\u00a0\u00a0\u00a0\u00a0\u00a0\u00a0\u00a0\u00a0\u00a0 4\u00a0 LUGLIO\u00a0 2015<\/strong><\/p>\n<p>&nbsp;<\/p>\n<p><strong><code><strong><code>\n\n<link rel='stylesheet' href='http:\/\/www.mishmashfashionmagazine.com\/wp-content\/uploads\/wow-slider-plugin\/214\/style.css' type='text\/css' media='all' \/>\n<!-- Name: MILANO MODA GRADUATE  -->\n\n<!-- Start WOWSlider.com BODY section -->\n<div id=\"wowslider-container214\">\n<div class=\"ws_images\"><ul>\n<li><img decoding=\"async\" src=\"http:\/\/www.mishmashfashionmagazine.com\/wp-content\/uploads\/wow-slider-plugin\/214\/images\/milano_moda_graduate.jpg\" alt=\"\" title=\"\" id=\"wows214_0\"\/><\/li>\n<li><img decoding=\"async\" src=\"http:\/\/www.mishmashfashionmagazine.com\/wp-content\/uploads\/wow-slider-plugin\/214\/images\/francesco_de_carli_finito_2_.jpg\" alt=\"FRANCESCO DE CARLI ( NABA )  VINCITORE PREMIO CNMI\" title=\"FRANCESCO DE CARLI ( NABA )  VINCITORE PREMIO CNMI\" id=\"wows214_1\"\/><\/li>\n<li><img decoding=\"async\" src=\"http:\/\/www.mishmashfashionmagazine.com\/wp-content\/uploads\/wow-slider-plugin\/214\/images\/giulia_guadagno_finito21.jpg\" alt=\"GIULIA GUADAGNO ( ISTITUTO MARANGONI ) VINCITRICE DEL PREMIO DELLA GIURIA \" title=\"GIULIA GUADAGNO ( ISTITUTO MARANGONI ) VINCITRICE DEL PREMIO DELLA GIURIA \" id=\"wows214_2\"\/><\/li>\n<li><img decoding=\"async\" src=\"http:\/\/www.mishmashfashionmagazine.com\/wp-content\/uploads\/wow-slider-plugin\/214\/images\/alice_illi_finito22.jpg\" alt=\"ALICE ILLI ( IED MODA MILANO ) VINCITRICE DEL PREMIO VOGUE TALENTS \" title=\"ALICE ILLI ( IED MODA MILANO ) VINCITRICE DEL PREMIO VOGUE TALENTS \" id=\"wows214_3\"\/><\/li>\n<li><img decoding=\"async\" src=\"http:\/\/www.mishmashfashionmagazine.com\/wp-content\/uploads\/wow-slider-plugin\/214\/images\/domus_academy_finito1.jpg\" alt=\"1 Pauline Yuen Pui Lin 2 Zeynep Guntas 3 Petra Sorejsova 4 \u00d6zlem Koca ( DOMUS ACADEMY )\" title=\"1 Pauline Yuen Pui Lin 2 Zeynep Guntas 3 Petra Sorejsova 4 \u00d6zlem Koca ( DOMUS ACADEMY )\" id=\"wows214_4\"\/><\/li>\n<li><img decoding=\"async\" src=\"http:\/\/www.mishmashfashionmagazine.com\/wp-content\/uploads\/wow-slider-plugin\/214\/images\/ied_finito1.jpg\" alt=\"1 TARINII MARTINSEN 2 BAO JUNYI\" title=\"1 TARINII MARTINSEN 2 BAO JUNYI\" id=\"wows214_5\"\/><\/li>\n<li><img decoding=\"async\" src=\"http:\/\/www.mishmashfashionmagazine.com\/wp-content\/uploads\/wow-slider-plugin\/214\/images\/marangoni_finito1.jpg\" alt=\"1 JEEHO LEE 2 MICHELE ARCIDIACONO 3 ALDO ALTAMURA  ( ISTITUTO  MARANGONI ) \" title=\"1 JEEHO LEE 2 MICHELE ARCIDIACONO 3 ALDO ALTAMURA  ( ISTITUTO  MARANGONI ) \" id=\"wows214_6\"\/><\/li>\n<\/ul><\/div>\n<div class=\"ws_thumbs\">\n<div>\n<a href=\"#wows214_0\" title=\"\"><img decoding=\"async\" src=\"http:\/\/www.mishmashfashionmagazine.com\/wp-content\/uploads\/wow-slider-plugin\/214\/tooltips\/milano_moda_graduate.jpg\" alt=\"\" \/><\/a>\n<a href=\"#wows214_1\" title=\"FRANCESCO DE CARLI ( NABA )  VINCITORE PREMIO CNMI\"><img decoding=\"async\" src=\"http:\/\/www.mishmashfashionmagazine.com\/wp-content\/uploads\/wow-slider-plugin\/214\/tooltips\/francesco_de_carli_finito_2_.jpg\" alt=\"\" \/><\/a>\n<a href=\"#wows214_2\" title=\"GIULIA GUADAGNO ( ISTITUTO MARANGONI ) VINCITRICE DEL PREMIO DELLA GIURIA \"><img decoding=\"async\" src=\"http:\/\/www.mishmashfashionmagazine.com\/wp-content\/uploads\/wow-slider-plugin\/214\/tooltips\/giulia_guadagno_finito21.jpg\" alt=\"\" \/><\/a>\n<a href=\"#wows214_3\" title=\"ALICE ILLI ( IED MODA MILANO ) VINCITRICE DEL PREMIO VOGUE TALENTS \"><img decoding=\"async\" src=\"http:\/\/www.mishmashfashionmagazine.com\/wp-content\/uploads\/wow-slider-plugin\/214\/tooltips\/alice_illi_finito22.jpg\" alt=\"\" \/><\/a>\n<a href=\"#wows214_4\" title=\"1 Pauline Yuen Pui Lin 2 Zeynep Guntas 3 Petra Sorejsova 4 \u00d6zlem Koca ( DOMUS ACADEMY )\"><img decoding=\"async\" src=\"http:\/\/www.mishmashfashionmagazine.com\/wp-content\/uploads\/wow-slider-plugin\/214\/tooltips\/domus_academy_finito1.jpg\" alt=\"\" \/><\/a>\n<a href=\"#wows214_5\" title=\"1 TARINII MARTINSEN 2 BAO JUNYI\"><img decoding=\"async\" src=\"http:\/\/www.mishmashfashionmagazine.com\/wp-content\/uploads\/wow-slider-plugin\/214\/tooltips\/ied_finito1.jpg\" alt=\"\" \/><\/a>\n<a href=\"#wows214_6\" title=\"1 JEEHO LEE 2 MICHELE ARCIDIACONO 3 ALDO ALTAMURA  ( ISTITUTO  MARANGONI ) \"><img decoding=\"async\" src=\"http:\/\/www.mishmashfashionmagazine.com\/wp-content\/uploads\/wow-slider-plugin\/214\/tooltips\/marangoni_finito1.jpg\" alt=\"\" \/><\/a>\n<\/div>\n<\/div>\n<!-- Generated by WOWSlider.com v5.2 -->\n\t<a href=\"#\" class=\"ws_frame\"><\/a>\n\t<div class=\"ws_shadow\"><\/div>\n<\/div>\n<!-- End WOWSlider.com BODY section -->\n\n\n<script type='text\/javascript' src='http:\/\/www.mishmashfashionmagazine.com\/wp-content\/uploads\/wow-slider-plugin\/214\/script.js'><\/script>\n\n<\/code><\/strong><\/code><\/strong><\/p>\n<p>&nbsp;<\/p>\n<p>&nbsp;<\/p>\n<p>Il 2 luglio alllaTriennale di Milano si \u00e8 svolta Milano Moda Graduate, prima edizione della manifestazione che celebra e presenta ufficialmente la cr\u00e8me dei new fashion dsigner provenienti dalle pi\u00f9 prestigiose scuole italiane, promossa dalla Camera Nazionale della Moda Italiana in collaborazione con <strong><a href=\"http:\/\/http:\/\/www.piattaformamoda.it\/it\/\">Piattaforma Sistema Formativo Moda.<\/a> <\/strong>I tre vincitori della kermesse sono\u00a0<strong> Alice Illi,\u00a0<\/strong>studentessa dello IED Moda Milano che si aggiudica il premio Vogue Talents. La sua collezione &#8220;Albe Veneziane &#8221; verr\u00e0 pubblicata sul numero di settembre di Vogue. <strong>Francesco De Carli<\/strong> , della Nuova Accademia Belle Arti ( Naba ) che con &#8221; Foggy Dreams &#8220;vince il CNMI e uno stage presso l&#8217;ufficio stile Missoni , e <strong>Giulia Guadagno<\/strong>, dell&#8217;Istituto Marangoni, che vince il Premio della Giuria e uno stage presso l&#8217;ufficio stile del brand associato alla Camera Nazionale della Moda Italiana pi\u00f9 vicino per affinit\u00e0 allo stile di Giulia. Ma la creativit\u00e0 era davvero tanta sulla passerella delle sfilate collettive\u00a0 ( e nelle installazioni\u00a0 con abiti e accessori ) e il lavoro della giuria, composta dai nomi pi\u00e0 accreditati del settore, tra buyers, designers, imprenditori\u00a0 e giornalisti, non deve essere stato facile. Sul sito della <strong>Camera Nazionale della Moda Italiana,<\/strong> <a href=\"http:\/\/www.milanomodagraduate.it\/en\/\"><strong>milanomodagraduate.it<\/strong> l<\/a>e foto e i video delle sfilate collettive e della manifestazione.<\/p>\n<p>&nbsp;<\/p>\n<p>Le scuole che hanno partecipato\u00a0 : <i>Accademia della Moda, Accademia di Belle Arti \u00a0di Brera,<\/i> <i>Accademia Galli, AFOL Moda, Ars Sutoria, Domus Academy, Harim- \u00a0 <\/i><i>Accademia Euromediterranea, IED Moda<\/i>, <i>Istituto di Moda Burgo, Istituto \u00a0 Marangoni<\/i>, <i>, Istituto Modartech, Istituto Secoli, \u00a0NABA Nuova Accademia \u00a0Belle Arti e Politecnico di Milano<\/i><\/p>\n<p>&nbsp;<\/p>\n<p>&nbsp;<\/p>\n<p>&nbsp;<\/p>\n<p>&nbsp;<\/p>\n<p>&nbsp;<\/p>\n<pre><\/pre>\n","protected":false},"excerpt":{"rendered":"<p>&nbsp; \u00a0\u00a0\u00a0\u00a0\u00a0\u00a0\u00a0\u00a0\u00a0\u00a0\u00a0\u00a0\u00a0\u00a0\u00a0\u00a0\u00a0\u00a0\u00a0\u00a0\u00a0\u00a0\u00a0\u00a0\u00a0\u00a0\u00a0\u00a0\u00a0\u00a0\u00a0\u00a0\u00a0\u00a0\u00a0\u00a0\u00a0\u00a0\u00a0\u00a0\u00a0\u00a0\u00a0\u00a0\u00a0\u00a0\u00a0\u00a0\u00a0\u00a0\u00a0\u00a0\u00a0\u00a0\u00a0\u00a0\u00a0\u00a0\u00a0\u00a0\u00a0\u00a0\u00a0\u00a0\u00a0\u00a0\u00a0\u00a0\u00a0\u00a0\u00a0\u00a0\u00a0\u00a0\u00a0\u00a0\u00a0\u00a0\u00a0\u00a0\u00a0\u00a0\u00a0\u00a0\u00a0\u00a0\u00a0\u00a0\u00a0\u00a0\u00a0\u00a0\u00a0\u00a0\u00a0\u00a0\u00a0\u00a0\u00a0\u00a0\u00a0\u00a0\u00a0\u00a0\u00a0\u00a0\u00a0\u00a0 4\u00a0 LUGLIO\u00a0 2015 &nbsp; &nbsp; &nbsp; Il 2 luglio alllaTriennale di Milano si \u00e8 svolta Milano Moda Graduate, prima edizione della manifestazione che celebra e presenta ufficialmente la cr\u00e8me dei new fashion dsigner provenienti dalle pi\u00f9 prestigiose scuole &hellip; <a href=\"https:\/\/www.mishmashfashionmagazine.com\/?p=4897\">Continua a leggere <span class=\"meta-nav\">&rarr;<\/span><\/a><\/p>\n","protected":false},"author":1,"featured_media":4898,"comment_status":"closed","ping_status":"closed","sticky":false,"template":"","format":"standard","meta":{"footnotes":""},"categories":[18,1],"tags":[165,164],"class_list":["post-4897","post","type-post","status-publish","format-standard","has-post-thumbnail","hentry","category-fashion-2","category-who","tag-camera-nazionale-della-moda-italiana","tag-milano-moda-graduate"],"_links":{"self":[{"href":"https:\/\/www.mishmashfashionmagazine.com\/index.php?rest_route=\/wp\/v2\/posts\/4897","targetHints":{"allow":["GET"]}}],"collection":[{"href":"https:\/\/www.mishmashfashionmagazine.com\/index.php?rest_route=\/wp\/v2\/posts"}],"about":[{"href":"https:\/\/www.mishmashfashionmagazine.com\/index.php?rest_route=\/wp\/v2\/types\/post"}],"author":[{"embeddable":true,"href":"https:\/\/www.mishmashfashionmagazine.com\/index.php?rest_route=\/wp\/v2\/users\/1"}],"replies":[{"embeddable":true,"href":"https:\/\/www.mishmashfashionmagazine.com\/index.php?rest_route=%2Fwp%2Fv2%2Fcomments&post=4897"}],"version-history":[{"count":13,"href":"https:\/\/www.mishmashfashionmagazine.com\/index.php?rest_route=\/wp\/v2\/posts\/4897\/revisions"}],"predecessor-version":[{"id":4912,"href":"https:\/\/www.mishmashfashionmagazine.com\/index.php?rest_route=\/wp\/v2\/posts\/4897\/revisions\/4912"}],"wp:featuredmedia":[{"embeddable":true,"href":"https:\/\/www.mishmashfashionmagazine.com\/index.php?rest_route=\/wp\/v2\/media\/4898"}],"wp:attachment":[{"href":"https:\/\/www.mishmashfashionmagazine.com\/index.php?rest_route=%2Fwp%2Fv2%2Fmedia&parent=4897"}],"wp:term":[{"taxonomy":"category","embeddable":true,"href":"https:\/\/www.mishmashfashionmagazine.com\/index.php?rest_route=%2Fwp%2Fv2%2Fcategories&post=4897"},{"taxonomy":"post_tag","embeddable":true,"href":"https:\/\/www.mishmashfashionmagazine.com\/index.php?rest_route=%2Fwp%2Fv2%2Ftags&post=4897"}],"curies":[{"name":"wp","href":"https:\/\/api.w.org\/{rel}","templated":true}]}}