{"id":4815,"date":"2015-05-13T13:03:46","date_gmt":"2015-05-13T11:03:46","guid":{"rendered":"http:\/\/www.mishmashfashionmagazine.com\/?p=4815"},"modified":"2016-03-19T00:32:30","modified_gmt":"2016-03-18T23:32:30","slug":"stanley-greene-laica-galerie-milano","status":"publish","type":"post","link":"https:\/\/www.mishmashfashionmagazine.com\/?p=4815","title":{"rendered":"Greene-Leica Galerie"},"content":{"rendered":"<p>&nbsp;<\/p>\n<p>&nbsp;<\/p>\n<p><strong>\u00a0\u00a0\u00a0\u00a0\u00a0\u00a0\u00a0\u00a0\u00a0\u00a0\u00a0\u00a0\u00a0\u00a0\u00a0\u00a0\u00a0\u00a0\u00a0\u00a0\u00a0\u00a0\u00a0\u00a0\u00a0\u00a0\u00a0\u00a0\u00a0\u00a0\u00a0\u00a0\u00a0\u00a0\u00a0\u00a0\u00a0\u00a0\u00a0\u00a0\u00a0\u00a0\u00a0\u00a0\u00a0\u00a0\u00a0\u00a0\u00a0\u00a0\u00a0\u00a0\u00a0\u00a0\u00a0\u00a0\u00a0\u00a0\u00a0\u00a0\u00a0\u00a0\u00a0\u00a0\u00a0\u00a0\u00a0\u00a0\u00a0\u00a0\u00a0\u00a0\u00a0\u00a0\u00a0\u00a0\u00a0\u00a0\u00a0\u00a0\u00a0\u00a0\u00a0\u00a0\u00a0\u00a0\u00a0\u00a0\u00a0\u00a0\u00a0\u00a0\u00a0\u00a0\u00a0\u00a0\u00a0\u00a0\u00a0\u00a0\u00a0\u00a0\u00a0\u00a0\u00a0\u00a0\u00a0\u00a0\u00a0\u00a0\u00a0\u00a0\u00a0\u00a0\u00a0\u00a0\u00a0 12\u00a0 MAGGIO\u00a0 2015<\/strong><\/p>\n<p><a href=\"http:\/\/www.mishmashfashionmagazine.com\/wp-content\/uploads\/2015\/05\/04_S.Greene_WesternFront_47_low-1000x600.jpg\"><img loading=\"lazy\" decoding=\"async\" class=\"alignnone size-full wp-image-4822\" src=\"http:\/\/www.mishmashfashionmagazine.com\/wp-content\/uploads\/2015\/05\/04_S.Greene_WesternFront_47_low-1000x600.jpg\" alt=\"04_S.Greene_WesternFront_47_low-1000x600\" width=\"1000\" height=\"600\" srcset=\"https:\/\/www.mishmashfashionmagazine.com\/wp-content\/uploads\/2015\/05\/04_S.Greene_WesternFront_47_low-1000x600.jpg 1000w, https:\/\/www.mishmashfashionmagazine.com\/wp-content\/uploads\/2015\/05\/04_S.Greene_WesternFront_47_low-1000x600-200x120.jpg 200w, https:\/\/www.mishmashfashionmagazine.com\/wp-content\/uploads\/2015\/05\/04_S.Greene_WesternFront_47_low-1000x600-250x150.jpg 250w, https:\/\/www.mishmashfashionmagazine.com\/wp-content\/uploads\/2015\/05\/04_S.Greene_WesternFront_47_low-1000x600-500x300.jpg 500w\" sizes=\"auto, (max-width: 1000px) 100vw, 1000px\" \/><\/a><\/p>\n<p>&nbsp;<\/p>\n<p><strong>E\u2019 \u00a0alla <em>LEICA GALERIE <\/em>di Milano la mostra \u2018The Western Front \u2018 di <em>STANLEY GREENE<\/em> , \u00a0fotoreporter statunitense di fama internazionale autore di molti reportage di guerra, tra i quali quello dedicato al conflitto in Cecenia, diventato poi un celebre libro, ( Open Wound ), e vincitore, tra l\u2019altro, del prestigioso Eugene Smith Humanistic Grant e del Getty Award for Editorial Images del 2011.<\/strong><\/p>\n<p><strong>I 27 scatti selezionati per la mostra, che per la prima volta espone in Italia un\u2019importante parte del lavoro di Greene, sono l\u2019 estratto di \u00a0una testimonianza unica e preziosa del tempo in cui frequentava e condivideva la vita degli artisti della scena musicale punk della San Francisco \u201870 \u2018 \/ \u2018 80 \u2018. Le sue foto fecero di \u00a0Greene uno dei fotografi pi\u00f9 richiesti da band e artisti di quegli anni, e portarono il suo lavoro sui magazine pi\u00f9 importanti dell\u2019epoca. \u2018The Western Front \u2018 \u00e8 anche un libro, pubblicato da Andr\u00e9 Fr\u00e8re Edition.<\/strong><\/p>\n<p>&nbsp;<\/p>\n<p><b>\u00a0<a href=\"http:\/\/www.mishmashfashionmagazine.com\/wp-content\/uploads\/2015\/05\/greene.jpg\"><img loading=\"lazy\" decoding=\"async\" class=\"alignnone size-full wp-image-4824\" src=\"http:\/\/www.mishmashfashionmagazine.com\/wp-content\/uploads\/2015\/05\/greene.jpg\" alt=\"greene\" width=\"1000\" height=\"223\" srcset=\"https:\/\/www.mishmashfashionmagazine.com\/wp-content\/uploads\/2015\/05\/greene.jpg 1000w, https:\/\/www.mishmashfashionmagazine.com\/wp-content\/uploads\/2015\/05\/greene-200x44.jpg 200w, https:\/\/www.mishmashfashionmagazine.com\/wp-content\/uploads\/2015\/05\/greene-250x55.jpg 250w, https:\/\/www.mishmashfashionmagazine.com\/wp-content\/uploads\/2015\/05\/greene-500x111.jpg 500w\" sizes=\"auto, (max-width: 1000px) 100vw, 1000px\" \/><\/a><\/b><\/p>\n<p><b>\u00a0<\/b><\/p>\n<p><strong>Leica Galerie Milano, Via Mengoni 4<\/strong><\/p>\n<p><strong>Dal 12 maggio al 28 giugno 2015<\/strong><\/p>\n<p><strong>Orari: lun 14.30-19.30\/ mar-sab 10.30-19.30 \u2013 domenica chiuso<\/strong><\/p>\n<p><strong>Ingresso gratuito<\/strong><\/p>\n<p>&nbsp;<\/p>\n<p>&nbsp;<\/p>\n","protected":false},"excerpt":{"rendered":"<p>&nbsp; &nbsp; \u00a0\u00a0\u00a0\u00a0\u00a0\u00a0\u00a0\u00a0\u00a0\u00a0\u00a0\u00a0\u00a0\u00a0\u00a0\u00a0\u00a0\u00a0\u00a0\u00a0\u00a0\u00a0\u00a0\u00a0\u00a0\u00a0\u00a0\u00a0\u00a0\u00a0\u00a0\u00a0\u00a0\u00a0\u00a0\u00a0\u00a0\u00a0\u00a0\u00a0\u00a0\u00a0\u00a0\u00a0\u00a0\u00a0\u00a0\u00a0\u00a0\u00a0\u00a0\u00a0\u00a0\u00a0\u00a0\u00a0\u00a0\u00a0\u00a0\u00a0\u00a0\u00a0\u00a0\u00a0\u00a0\u00a0\u00a0\u00a0\u00a0\u00a0\u00a0\u00a0\u00a0\u00a0\u00a0\u00a0\u00a0\u00a0\u00a0\u00a0\u00a0\u00a0\u00a0\u00a0\u00a0\u00a0\u00a0\u00a0\u00a0\u00a0\u00a0\u00a0\u00a0\u00a0\u00a0\u00a0\u00a0\u00a0\u00a0\u00a0\u00a0\u00a0\u00a0\u00a0\u00a0\u00a0\u00a0\u00a0\u00a0\u00a0\u00a0\u00a0\u00a0\u00a0\u00a0\u00a0\u00a0 12\u00a0 MAGGIO\u00a0 2015 &nbsp; E\u2019 \u00a0alla LEICA GALERIE di Milano la mostra \u2018The Western Front \u2018 di STANLEY GREENE , \u00a0fotoreporter statunitense di fama internazionale autore di molti reportage di guerra, tra i quali quello dedicato al &hellip; <a href=\"https:\/\/www.mishmashfashionmagazine.com\/?p=4815\">Continua a leggere <span class=\"meta-nav\">&rarr;<\/span><\/a><\/p>\n","protected":false},"author":2,"featured_media":4831,"comment_status":"closed","ping_status":"closed","sticky":false,"template":"","format":"standard","meta":{"footnotes":""},"categories":[23,121],"tags":[159,160],"class_list":["post-4815","post","type-post","status-publish","format-standard","has-post-thumbnail","hentry","category-around","category-photogrphy","tag-stanley-greene","tag-the-western-front"],"_links":{"self":[{"href":"https:\/\/www.mishmashfashionmagazine.com\/index.php?rest_route=\/wp\/v2\/posts\/4815","targetHints":{"allow":["GET"]}}],"collection":[{"href":"https:\/\/www.mishmashfashionmagazine.com\/index.php?rest_route=\/wp\/v2\/posts"}],"about":[{"href":"https:\/\/www.mishmashfashionmagazine.com\/index.php?rest_route=\/wp\/v2\/types\/post"}],"author":[{"embeddable":true,"href":"https:\/\/www.mishmashfashionmagazine.com\/index.php?rest_route=\/wp\/v2\/users\/2"}],"replies":[{"embeddable":true,"href":"https:\/\/www.mishmashfashionmagazine.com\/index.php?rest_route=%2Fwp%2Fv2%2Fcomments&post=4815"}],"version-history":[{"count":21,"href":"https:\/\/www.mishmashfashionmagazine.com\/index.php?rest_route=\/wp\/v2\/posts\/4815\/revisions"}],"predecessor-version":[{"id":5982,"href":"https:\/\/www.mishmashfashionmagazine.com\/index.php?rest_route=\/wp\/v2\/posts\/4815\/revisions\/5982"}],"wp:featuredmedia":[{"embeddable":true,"href":"https:\/\/www.mishmashfashionmagazine.com\/index.php?rest_route=\/wp\/v2\/media\/4831"}],"wp:attachment":[{"href":"https:\/\/www.mishmashfashionmagazine.com\/index.php?rest_route=%2Fwp%2Fv2%2Fmedia&parent=4815"}],"wp:term":[{"taxonomy":"category","embeddable":true,"href":"https:\/\/www.mishmashfashionmagazine.com\/index.php?rest_route=%2Fwp%2Fv2%2Fcategories&post=4815"},{"taxonomy":"post_tag","embeddable":true,"href":"https:\/\/www.mishmashfashionmagazine.com\/index.php?rest_route=%2Fwp%2Fv2%2Ftags&post=4815"}],"curies":[{"name":"wp","href":"https:\/\/api.w.org\/{rel}","templated":true}]}}