{"id":2906,"date":"2013-12-26T20:50:11","date_gmt":"2013-12-26T19:50:11","guid":{"rendered":"http:\/\/www.mishmashfashionmagazine.com\/?p=2906"},"modified":"2014-03-19T18:18:13","modified_gmt":"2014-03-19T17:18:13","slug":"kandinsky-a-milano-2","status":"publish","type":"post","link":"https:\/\/www.mishmashfashionmagazine.com\/?p=2906","title":{"rendered":"KANDINSKY a MILANO"},"content":{"rendered":"<p><strong>\u00a0\u00a0\u00a0\u00a0\u00a0\u00a0\u00a0\u00a0\u00a0\u00a0\u00a0\u00a0\u00a0\u00a0\u00a0\u00a0\u00a0\u00a0\u00a0\u00a0\u00a0\u00a0\u00a0\u00a0\u00a0\u00a0\u00a0\u00a0\u00a0\u00a0\u00a0\u00a0\u00a0\u00a0\u00a0\u00a0\u00a0\u00a0\u00a0\u00a0\u00a0\u00a0\u00a0\u00a0\u00a0\u00a0\u00a0\u00a0\u00a0\u00a0\u00a0\u00a0\u00a0\u00a0\u00a0\u00a0\u00a0\u00a0\u00a0\u00a0\u00a0\u00a0\u00a0\u00a0\u00a0\u00a0\u00a0\u00a0\u00a0\u00a0\u00a0\u00a0\u00a0\u00a0\u00a0\u00a0\u00a0\u00a0\u00a0\u00a0\u00a0\u00a0\u00a0\u00a0\u00a0\u00a0\u00a0\u00a0\u00a0 16 DICEMBRE \u00a0 \u00a0 2013<\/strong><\/p>\n<p>&nbsp;<\/p>\n<p><a href=\"http:\/\/www.mishmashfashionmagazine.com\/?attachment_id=2907\" rel=\"attachment wp-att-2907\"><img loading=\"lazy\" decoding=\"async\" class=\"aligncenter size-full wp-image-2907\" alt=\"kandinsky233 copy\" src=\"http:\/\/www.mishmashfashionmagazine.com\/wp-content\/uploads\/2013\/12\/kandinsky233-copy.jpg\" width=\"1023\" height=\"443\" srcset=\"https:\/\/www.mishmashfashionmagazine.com\/wp-content\/uploads\/2013\/12\/kandinsky233-copy.jpg 1023w, https:\/\/www.mishmashfashionmagazine.com\/wp-content\/uploads\/2013\/12\/kandinsky233-copy-200x86.jpg 200w, https:\/\/www.mishmashfashionmagazine.com\/wp-content\/uploads\/2013\/12\/kandinsky233-copy-250x108.jpg 250w, https:\/\/www.mishmashfashionmagazine.com\/wp-content\/uploads\/2013\/12\/kandinsky233-copy-500x216.jpg 500w\" sizes=\"auto, (max-width: 1023px) 100vw, 1023px\" \/><\/a><\/p>\n<p>&nbsp;<\/p>\n<p>&nbsp;<\/p>\n<p>Apre domani a Palazzo Reale a Milano, la mostra di Vassily Kandinsky con 80 opere in ordine cronologico provenienti dalla collezione del Centre Pompidou.La rassegna ripercorre le tappe fondamentali della vita e dell\u2019arte partendo dai suoi esordi a Monaco, nel momento in cui la citt\u00e0 tedesca \u00e8 la capitale europea dell\u2019 Art Nouveau, dove Kandinsky sviluppa la ricerca sul colore, traducendo la realt\u00e0 in immagini piatte ispirate alla pittura fauve e avviando cos\u00ec il processo di astrazione dal reale, e dove contribuir\u00e0 a dare vita ad un rinnovamento radicale della pittura sperimentando il rapporto tra forma e colore, e colore e suono, producendo anche due mostre in cui musica e arti visive vivono in sinergia. La prima guerra mondiale lo costringe a tornare in Russia dove verr\u00e0 coinvolto dai rivoluzionari a ricoprire ruoli di prestigio nelle nuove istituzioni culturali, ma l\u2019avanguardia pi\u00f9 radicale lo osteggia per il suo espressionismo spirituale, e torna in Germania, dove, celebre anche per i suoi scritti, insegna al Bauhaus e stringe amicizia con Paul Klee. E&#8217; di quegli anni il saggio \u201c Punto e linea sul piano &#8220;.Vi rester\u00e0 fino alla chiusura del Bauhaus, imposta dai nazisti nel 1933, e si recher\u00e0 a Parigi, dove, ispirato dalla luce e dal surrealismo degli amici, tra i quali Joan Miro\u2019, dar\u00e0 vita a tele dai colori leggeri e vibranti, dove galleggiano le poetiche forme biomorfe delle sue ultime opere.<\/p>\n<p>&nbsp;<\/p>\n","protected":false},"excerpt":{"rendered":"<p>\u00a0\u00a0\u00a0\u00a0\u00a0\u00a0\u00a0\u00a0\u00a0\u00a0\u00a0\u00a0\u00a0\u00a0\u00a0\u00a0\u00a0\u00a0\u00a0\u00a0\u00a0\u00a0\u00a0\u00a0\u00a0\u00a0\u00a0\u00a0\u00a0\u00a0\u00a0\u00a0\u00a0\u00a0\u00a0\u00a0\u00a0\u00a0\u00a0\u00a0\u00a0\u00a0\u00a0\u00a0\u00a0\u00a0\u00a0\u00a0\u00a0\u00a0\u00a0\u00a0\u00a0\u00a0\u00a0\u00a0\u00a0\u00a0\u00a0\u00a0\u00a0\u00a0\u00a0\u00a0\u00a0\u00a0\u00a0\u00a0\u00a0\u00a0\u00a0\u00a0\u00a0\u00a0\u00a0\u00a0\u00a0\u00a0\u00a0\u00a0\u00a0\u00a0\u00a0\u00a0\u00a0\u00a0\u00a0\u00a0\u00a0 16 DICEMBRE \u00a0 \u00a0 2013 &nbsp; &nbsp; &nbsp; Apre domani a Palazzo Reale a Milano, la mostra di Vassily Kandinsky con 80 opere in ordine cronologico provenienti dalla collezione del Centre Pompidou.La rassegna ripercorre le tappe fondamentali della vita &hellip; <a href=\"https:\/\/www.mishmashfashionmagazine.com\/?p=2906\">Continua a leggere <span class=\"meta-nav\">&rarr;<\/span><\/a><\/p>\n","protected":false},"author":1,"featured_media":2908,"comment_status":"closed","ping_status":"closed","sticky":false,"template":"","format":"link","meta":{"footnotes":""},"categories":[23,35],"tags":[],"class_list":["post-2906","post","type-post","status-publish","format-link","has-post-thumbnail","hentry","category-around","category-art","post_format-post-format-link"],"_links":{"self":[{"href":"https:\/\/www.mishmashfashionmagazine.com\/index.php?rest_route=\/wp\/v2\/posts\/2906","targetHints":{"allow":["GET"]}}],"collection":[{"href":"https:\/\/www.mishmashfashionmagazine.com\/index.php?rest_route=\/wp\/v2\/posts"}],"about":[{"href":"https:\/\/www.mishmashfashionmagazine.com\/index.php?rest_route=\/wp\/v2\/types\/post"}],"author":[{"embeddable":true,"href":"https:\/\/www.mishmashfashionmagazine.com\/index.php?rest_route=\/wp\/v2\/users\/1"}],"replies":[{"embeddable":true,"href":"https:\/\/www.mishmashfashionmagazine.com\/index.php?rest_route=%2Fwp%2Fv2%2Fcomments&post=2906"}],"version-history":[{"count":13,"href":"https:\/\/www.mishmashfashionmagazine.com\/index.php?rest_route=\/wp\/v2\/posts\/2906\/revisions"}],"predecessor-version":[{"id":3434,"href":"https:\/\/www.mishmashfashionmagazine.com\/index.php?rest_route=\/wp\/v2\/posts\/2906\/revisions\/3434"}],"wp:featuredmedia":[{"embeddable":true,"href":"https:\/\/www.mishmashfashionmagazine.com\/index.php?rest_route=\/wp\/v2\/media\/2908"}],"wp:attachment":[{"href":"https:\/\/www.mishmashfashionmagazine.com\/index.php?rest_route=%2Fwp%2Fv2%2Fmedia&parent=2906"}],"wp:term":[{"taxonomy":"category","embeddable":true,"href":"https:\/\/www.mishmashfashionmagazine.com\/index.php?rest_route=%2Fwp%2Fv2%2Fcategories&post=2906"},{"taxonomy":"post_tag","embeddable":true,"href":"https:\/\/www.mishmashfashionmagazine.com\/index.php?rest_route=%2Fwp%2Fv2%2Ftags&post=2906"}],"curies":[{"name":"wp","href":"https:\/\/api.w.org\/{rel}","templated":true}]}}