{"id":10316,"date":"2019-11-04T15:55:47","date_gmt":"2019-11-04T14:55:47","guid":{"rendered":"http:\/\/www.mishmashfashionmagazine.com\/?p=10316"},"modified":"2019-11-08T16:08:37","modified_gmt":"2019-11-08T15:08:37","slug":"fashion-film-festival-milano-5","status":"publish","type":"post","link":"https:\/\/www.mishmashfashionmagazine.com\/?p=10316","title":{"rendered":"FFFM fashion film festival milano 2019"},"content":{"rendered":"<p style=\"text-align: center;\">4 NOVEMBRE 2019<\/p>\n<p>&nbsp;<\/p>\n<p><iframe loading=\"lazy\" title=\"Trailer YOUNG Fashion Film Festival Milano 2019\" src=\"https:\/\/player.vimeo.com\/video\/364337191?dnt=1&amp;app_id=122963\" width=\"584\" height=\"329\" frameborder=\"0\" allow=\"autoplay; fullscreen; picture-in-picture; clipboard-write\"><\/iframe><\/p>\n<p>&nbsp;<\/p>\n<p>Giunto alla sesta edizione il Fashion Film Festival Milano fondato e diretto da <strong>Constanza Cavalli Etro, <\/strong><strong>si svolge quest\u2019anno dal 7 al 10 novembre, <\/strong><strong>come sempre <\/strong><strong>all\u2019 Anteo Spazio Cinema,<\/strong> con un\u00a0 programma ricco di proiezioni e incontri da non perdere per chiunque sia appassionato o interessato ad arte , moda, creativit\u00e0 e cinema. Ma non solo. Attenzione, educazione ad ambiente e sostenibilit\u00e0, giovani talenti e creativit\u00e0 femminile, supporto ad inclusivit\u00e0 e divesit\u00e0 sociale sono i valori fondanti del Festival, riconoscibili nei sempre seguitissimi dibattiti e negli <strong>oltre 200 fashion film selezionati tra pi\u00f9 di 50 Paesi.<\/strong> Focus particolare di questa edizione saranno brevi documentari sulla vita di alcuni stilisti e fashion film che fanno emergere tematiche legate alla sostenibilit\u00e0 ambientale e all\u2019inclusivit\u00e0.<\/p>\n<p>Ad inaugurare il Festival, mercoled\u00ec 6 novembre, sar\u00e0 l\u2019Award Ceremony per la prima volta presso il Teatro Dal Verme, momento celebrativo che anticipa le proiezioni della sesta edizione condotta da <strong>Paola Maugeri<\/strong> alla presenza della giuria internazionale. La serata su invito vede la premiazione di<strong> sedici categorie, fra cui il neonato premio Best New Italian Designer\/Brand, dedicato ai giovani talenti della moda italiana.<\/strong><\/p>\n<ol>\n<li>Best Fashion Film<\/li>\n<li>Best Italian Fashion Film<\/li>\n<li>Best New Fashion Film<\/li>\n<li>Best New Italian Fashion Film<\/li>\n<li>Best Green Fashion Film<\/li>\n<li>Best Director<\/li>\n<li>Best New Director<\/li>\n<li>Best New Designer\/Brand<\/li>\n<li>Best New Italian Designer\/Brand<\/li>\n<li>.Best ProductioN<\/li>\n<li>Best Photography<\/li>\n<li>Best Editing<\/li>\n<li>Best Music<\/li>\n<li>Best Styling<\/li>\n<li>Best Experimental Fashion Film<\/li>\n<li>Best Documentary<\/li>\n<\/ol>\n<p><strong>FUORI CONCORSO<\/strong><\/p>\n<p><strong>#FFFMilanoForGreen<\/strong>, grazie al successo ottenuto lo scorso anno, torna come contenitore di attivit\u00e0 dedicate alla <strong>divulgazione della cultura e della moda sostenibile.<\/strong> <strong>Oskar Metsavaht,<\/strong> designer di Osklen, sar\u00e0 ambasciatore dell\u2019iniziativa con una <em>conversation<\/em> in occasione dell\u2019anteprima italiana del documentario ASAP &#8211;<strong> <em>As Sustainable As Possible, As Soon As Possible<\/em>,<\/strong> che narra le origini e l\u2019evoluzione del brand Osklen, da lui fondato e ritenuto ad oggi fra i pionieri della moda sostenibile.<\/p>\n<p>Forte del successo riscosso fin dal suo debutto, si rinnova l&#8217;iniziativa <strong>#FFFMilanoForWomen,<\/strong> con l\u2019obiettivo di dare voce al talento femminile nei settori moda, cinema e arte. L\u2019ambasciatrice di questa iniziativa <strong>Waris Dirie<\/strong>, interverr\u00e0 durante una <em>conversation<\/em> con<strong> Kiera Chaplin,<\/strong> attrice e modella. Il programma prevede anche una <em>conversation<\/em> in collaborazione con <strong>Freeda Media e Mary Rozzi,<\/strong> fondatrice del magazine americano che promuove la creativit\u00e0 al femminile \u201cThe September Issues\u201d.<\/p>\n<p><strong>CONCORSO<\/strong><\/p>\n<p>Ogni giorno, dal 7 al 10 novembre le proiezioni dei film in concorso saranno aperte al pubblico, con ingresso gratuito dalle ore 15 alle 24 presso l\u2019Anteo Palazzo del Cinema.<\/p>\n<p><strong>FUORI CONCORSO<\/strong><\/p>\n<p>gioved\u00ec 7 novembre<\/p>\n<ul>\n<li>19.00 \u2013 <em>Conversation<\/em> \u201c#FFFMilanoForGreen: Oskar Metsavaht\u201d. Il fondatore del marchio brasiliano Osklen, pioniere della moda e del lifestyle sostenibile si racconta al pubblico insieme all\u2019esperto di moda sostenibile Hakan Karaosman. Il talk esplorer\u00e0 in modo approfondito la sostenibilit\u00e0 oggi, non solo nel settore tessile ma anche nel rapporto fra essere umano e natura. Seguir\u00e0 l\u2019anteprima del documentario <em>ASAP &#8211; As Sustainable As Possible, As Soon As Possible<\/em>.<\/li>\n<\/ul>\n<p>venerd\u00ec 8 novembre<\/p>\n<ul>\n<li>15.00 \u2013 <strong><em>Conversation<\/em> &#8220;#FFFMilanoForWomen: L\u2019editoria indipendente al femminile\u201d\u00a0in collaborazione con Freeda Media. Mary Rozzi, fondatrice di \u201cThe September Issues\u201d<\/strong>, magazine americano che documenta il settore attraverso gli occhi di artiste donne, \u00e8 la protagonista insieme a\u00a0<strong> Daria Bernardoni, Chief Content Officer di Freeda,<\/strong> magazine digitale dedicato alla nuova generazione di donne per le donne.<\/li>\n<\/ul>\n<ul>\n<li>19.00 \u2013 <em>Conversation<\/em>\u00a0&#8220;#FFFMilanoForWomen: Waris Dirie &amp; The Desert Flower Foundation&#8221;. \u00a0<strong>La top model e attivista Waris Dirie condivide la sua esperienza nell\u2019ambito dei diritti umani nel promuovere la consapevolezza nei paesi in via di sviluppo sulle tematiche delle mutilazioni genitali femminili.<\/strong> La conversation vedr\u00e0 la partecipazione di <strong>Kiera Chaplin,<\/strong> direttrice di\u00a0The Desert Flower Foundation in Francia.<\/li>\n<\/ul>\n<p><img loading=\"lazy\" decoding=\"async\" class=\"alignnone size-full wp-image-10327\" src=\"http:\/\/www.mishmashfashionmagazine.com\/wp-content\/uploads\/2019\/11\/WARIS-DIRIE.jpg\" alt=\"\" width=\"700\" height=\"527\" srcset=\"https:\/\/www.mishmashfashionmagazine.com\/wp-content\/uploads\/2019\/11\/WARIS-DIRIE.jpg 700w, https:\/\/www.mishmashfashionmagazine.com\/wp-content\/uploads\/2019\/11\/WARIS-DIRIE-332x250.jpg 332w, https:\/\/www.mishmashfashionmagazine.com\/wp-content\/uploads\/2019\/11\/WARIS-DIRIE-250x188.jpg 250w, https:\/\/www.mishmashfashionmagazine.com\/wp-content\/uploads\/2019\/11\/WARIS-DIRIE-398x300.jpg 398w\" sizes=\"auto, (max-width: 700px) 100vw, 700px\" \/><\/p>\n<p>sabato 9 novembre<\/p>\n<ul>\n<li>15.00 \u2013 Special <em>Screening<\/em> + <em>Conversation<\/em>\u00a0&#8220;The Gaze of the Future Fashion Film Contest&#8221; in partnership con <strong>Istituto Marangoni.<\/strong> FFFMilano e Istituto Marangoni hanno unito le forze <strong>per supportare i talenti pi\u00f9 giovani che vogliono intraprendere la strada della creativit\u00e0.<\/strong><\/li>\n<\/ul>\n<ul>\n<li>18.00 \u2013<strong> Premi\u00e8re europea \u201cThe Times of Bill Cunningham\u201d<\/strong> diretto da Mark Bozek. FFFMilano presenta l\u2019anteprima europea di questo emozionante documentario che, grazie a un\u2019intervista ritrovata al fotografo newyorkese, racconta la magia e gli splendori della moda attraverso gli occhi di chi l\u2019ha fotografata e amata pi\u00f9 di ogni altro. La proiezione, su invito, \u00e8 introdotta dal regista e a seguire sar\u00e0 offerto un cocktail da 10 Corso Como per celebrare la serata. Il giorno successivo si terr\u00e0 una replica aperta al pubblico alle ore 15 alla presenza del regista.<\/li>\n<\/ul>\n<p>domenica 10 novembre<\/p>\n<ul>\n<li>18.00 \u2013<strong> Premi\u00e8re italiana \u201cPeter Lindbergh: Women\u2019s Stories<\/strong>\u201d diretto da Jean-Michel Vecchiet.\u00a0FFFMilano presenta in anteprima italiana il documentario del celebre fotografo che ha fatto la storia, recentemente scomparso. Emozionante e intimo, questo lungometraggio raffigura con uno sguardo inaspettato il fotografo tedesco, e vede la partecipazione di Naomi Campbell, Astrid Lindbergh, Helga Polzin. La proiezione, su invito, \u00e8 introdotta da personalit\u00e0 vicine al fotografo e a seguire sar\u00e0 offerto un cocktail da 10 Corso Como per celebrare la serata e la chiusura della sesta edizione del Festival.<\/li>\n<\/ul>\n<p><img loading=\"lazy\" decoding=\"async\" class=\"alignnone size-full wp-image-10328\" src=\"http:\/\/www.mishmashfashionmagazine.com\/wp-content\/uploads\/2019\/11\/BILL-CUNNINGAM-E-PETER-LINDBERG.jpg\" alt=\"\" width=\"700\" height=\"500\" srcset=\"https:\/\/www.mishmashfashionmagazine.com\/wp-content\/uploads\/2019\/11\/BILL-CUNNINGAM-E-PETER-LINDBERG.jpg 700w, https:\/\/www.mishmashfashionmagazine.com\/wp-content\/uploads\/2019\/11\/BILL-CUNNINGAM-E-PETER-LINDBERG-350x250.jpg 350w, https:\/\/www.mishmashfashionmagazine.com\/wp-content\/uploads\/2019\/11\/BILL-CUNNINGAM-E-PETER-LINDBERG-250x179.jpg 250w, https:\/\/www.mishmashfashionmagazine.com\/wp-content\/uploads\/2019\/11\/BILL-CUNNINGAM-E-PETER-LINDBERG-420x300.jpg 420w\" sizes=\"auto, (max-width: 700px) 100vw, 700px\" \/><\/p>\n<p>Come da tradizione, la giuria internazionale, chiamata a valutare i fashion film in concorso, \u00e8 costituita da esponenti di spicco del mondo della moda, del cinema e dell\u2019arte. Insieme al <strong>Presidente della giuria Giorgio Armani<\/strong>, i membri sono <strong>Cass Bird, fotografa<\/strong>; <strong>Oskar Metsavaht fondatore del marchio brasiliano Osklen; Waris Dirie, top model e attivista per i diritti umani; Ezra Petronio, fondatore e Creative Director di Petronio Associates, Editor-in-Chief di Self Service e fotografo; Cristiana Capotondi, attrice, ideatrice e produttrice di Fuoricinema; Vicente Todol\u00ec, Direttore Artistico di Pirelli HangarBicocca; Angelo Flaccavento; Fashion Critic; Sissy Vian, Fashion Editor-at-Large di Vogue Japan<\/strong><\/p>\n<p><strong>Tutti possono accedere gratuitamente a tutte le proiezioni.<\/strong><\/p>\n<p><a href=\"https:\/\/fashionfilmfestivalmilano.com\/full-program-2019\/\">REGISTRATI E SCOPRI IL PROGRAMMA DELLA SESTA EDIZIONE<\/a><\/p>\n<p>&nbsp;<\/p>\n<p>&nbsp;<\/p>\n<p>&nbsp;<\/p>\n<p>&nbsp;<\/p>\n","protected":false},"excerpt":{"rendered":"<p>4 NOVEMBRE 2019 &nbsp; &nbsp; Giunto alla sesta edizione il Fashion Film Festival Milano fondato e diretto da Constanza Cavalli Etro, si svolge quest\u2019anno dal 7 al 10 novembre, come sempre all\u2019 Anteo Spazio Cinema, con un\u00a0 programma ricco di &hellip; <a href=\"https:\/\/www.mishmashfashionmagazine.com\/?p=10316\">Continua a leggere <span class=\"meta-nav\">&rarr;<\/span><\/a><\/p>\n","protected":false},"author":2,"featured_media":10334,"comment_status":"closed","ping_status":"closed","sticky":false,"template":"","format":"standard","meta":{"footnotes":""},"categories":[18,7],"tags":[556,555],"class_list":["post-10316","post","type-post","status-publish","format-standard","has-post-thumbnail","hentry","category-fashion-2","category-video","tag-fashion-film-festival-milano-2019","tag-fffm-2019"],"_links":{"self":[{"href":"https:\/\/www.mishmashfashionmagazine.com\/index.php?rest_route=\/wp\/v2\/posts\/10316","targetHints":{"allow":["GET"]}}],"collection":[{"href":"https:\/\/www.mishmashfashionmagazine.com\/index.php?rest_route=\/wp\/v2\/posts"}],"about":[{"href":"https:\/\/www.mishmashfashionmagazine.com\/index.php?rest_route=\/wp\/v2\/types\/post"}],"author":[{"embeddable":true,"href":"https:\/\/www.mishmashfashionmagazine.com\/index.php?rest_route=\/wp\/v2\/users\/2"}],"replies":[{"embeddable":true,"href":"https:\/\/www.mishmashfashionmagazine.com\/index.php?rest_route=%2Fwp%2Fv2%2Fcomments&post=10316"}],"version-history":[{"count":9,"href":"https:\/\/www.mishmashfashionmagazine.com\/index.php?rest_route=\/wp\/v2\/posts\/10316\/revisions"}],"predecessor-version":[{"id":10333,"href":"https:\/\/www.mishmashfashionmagazine.com\/index.php?rest_route=\/wp\/v2\/posts\/10316\/revisions\/10333"}],"wp:featuredmedia":[{"embeddable":true,"href":"https:\/\/www.mishmashfashionmagazine.com\/index.php?rest_route=\/wp\/v2\/media\/10334"}],"wp:attachment":[{"href":"https:\/\/www.mishmashfashionmagazine.com\/index.php?rest_route=%2Fwp%2Fv2%2Fmedia&parent=10316"}],"wp:term":[{"taxonomy":"category","embeddable":true,"href":"https:\/\/www.mishmashfashionmagazine.com\/index.php?rest_route=%2Fwp%2Fv2%2Fcategories&post=10316"},{"taxonomy":"post_tag","embeddable":true,"href":"https:\/\/www.mishmashfashionmagazine.com\/index.php?rest_route=%2Fwp%2Fv2%2Ftags&post=10316"}],"curies":[{"name":"wp","href":"https:\/\/api.w.org\/{rel}","templated":true}]}}